{"id":63955,"date":"2023-04-27T14:27:23","date_gmt":"2023-04-27T11:27:23","guid":{"rendered":"https:\/\/testi-e2c55b704894.senaatti.fi\/current-topics\/articles\/kaikki-ymmarsivat-heti-energiansaaston-tarpeellisuuden\/"},"modified":"2024-05-13T09:57:21","modified_gmt":"2024-05-13T06:57:21","slug":"everyone-immediately-understood-the-need-to-save-energy","status":"publish","type":"senaatti_article","link":"https:\/\/testi-e2c55b704894.senaatti.fi\/en\/current-topics\/articles\/everyone-immediately-understood-the-need-to-save-energy\/","title":{"rendered":"Everyone immediately understood the need to save energy"},"content":{"rendered":"<p>\u201cWhen the energy crisis began to shake Europe, we decided to respond promptly to the state of emergency and launched our own Energy Saving Programme in October. We made energy saving a key guiding factor because we wanted to help Finland through the tough winter on the energy market and do our bit to help curb the sharp rise in energy costs.<\/p>\n<p>Whereas our normal energy efficiency goal has been a saving of around 1% a year, we set the goal of our energy savings programme to reduce energy use in our properties by a total of around 5%. This is not particularly easy because we have been addressing energy efficiency for years and have been signatories to energy efficiency agreements since back in the 1990s.<\/p>\n<blockquote><p>We achieved good results and almost 10,000 energy saving ideas.<\/p><\/blockquote>\n<p>Our own experts and service providers started implementing the saving programme immediately. Our clients, too, understood the importance of saving energy. We achieved good results already during the winter and received almost 10,000 energy saving ideas. It has been great to see how important everyone has considered energy saving even though at the same time many have had their hands full with working on preparedness tasks, for example.<\/p>\n<p>We also cooperate with central government\u2019s Down a degree campaign. We also introduced measures at exceptional capacity and speed to affect indoor temperatures. The Energy Savings Programme also included development projects such as an energy review and demand-side management solutions.<\/p>\n<p>Our Energy Saving Programme has taken into account good indoor conditions and the satisfaction of our clients. We have tailored energy saving measures for each property. Of course, we will not reach the same results everywhere and we may have increased the energy need in critically important properties.<\/p>\n<p>Our Energy Saving Programme will end at the end of 2023. We have identified many really good solutions to reduce energy consumption while ensure good working conditions. Many energy saving measures have already become part of our normal way of working. In that sense, it is easy to continue our journey towards an increasingly more energy efficient Senate Properties.<\/p>\n<p><strong>Sanna J\u00e4\u00e4skel\u00e4inen<\/strong>, Energy Saving Programme Coordinator, Marketing and Communications Director<\/p>\n<p>&nbsp;<\/p>\n<p><a href=\"https:\/\/testi-e2c55b704894.senaatti.fi\/en\/energy-saving-programme\/\">Read more about our Energy Saving Programme<\/a><\/p>\n<p><a href=\"https:\/\/testi-e2c55b704894.senaatti.fi\/yhteiskuntavastuuraportti2022\/\">Read our Corporate Social Responsibility Report (in Finnish)<\/a><\/p>\n","protected":false},"excerpt":{"rendered":"<p>&#8220;The Energy Saving Programme we launched promptly in the autumn had already delivered good results during the winter. Together with our clients, we achieved significant savings,\u201d says Sanna J\u00e4\u00e4skel\u00e4inen, Programme Coordinator, Marketing and Communications Director.<\/p>\n","protected":false},"featured_media":63479,"template":"","class_list":["post-63955","senaatti_article","type-senaatti_article","status-publish","has-post-thumbnail","hentry","senaatti_category-energy-saving-programme","senaatti_category-indoor-climate","senaatti_category-social-responsibility","senaatti_type-article"],"acf":[],"yoast_head":"<!-- This site is optimized with the Yoast SEO plugin v23.9 - https:\/\/yoast.com\/wordpress\/plugins\/seo\/ -->\n<title>Everyone immediately understood the need to save energy - Senaatti<\/title>\n<meta name=\"description\" content=\"&quot;The Energy Saving Programme we launched promptly in the autumn had already delivered good results during the winter. Together with our clients, we achieved significant savings,\u201d says Sanna J\u00e4\u00e4skel\u00e4inen, Programme Coordinator, Marketing and Communications Director.\" \/>\n<meta name=\"robots\" content=\"noindex, follow, max-snippet:-1, max-image-preview:large, max-video-preview:-1\" \/>\n<meta property=\"og:locale\" content=\"en_US\" \/>\n<meta property=\"og:type\" content=\"article\" \/>\n<meta property=\"og:title\" content=\"Everyone immediately understood the need to save energy - Senaatti\" \/>\n<meta property=\"og:description\" content=\"&quot;The Energy Saving Programme we launched promptly in the autumn had already delivered good results during the winter. Together with our clients, we achieved significant savings,\u201d says Sanna J\u00e4\u00e4skel\u00e4inen, Programme Coordinator, Marketing and Communications Director.\" \/>\n<meta property=\"og:url\" content=\"https:\/\/testi-e2c55b704894.senaatti.fi\/en\/current-topics\/articles\/everyone-immediately-understood-the-need-to-save-energy\/\" \/>\n<meta property=\"og:site_name\" content=\"Senaatti\" \/>\n<meta property=\"article:publisher\" content=\"https:\/\/www.facebook.com\/SenaattiKiinteistot\/\" \/>\n<meta property=\"article:modified_time\" content=\"2024-05-13T06:57:21+00:00\" \/>\n<meta property=\"og:image\" content=\"https:\/\/www.senaatti.fi\/app\/uploads\/2023\/04\/Jaaskelainen-Sanna-1024x768.jpg\" \/>\n\t<meta property=\"og:image:width\" content=\"1024\" \/>\n\t<meta property=\"og:image:height\" content=\"768\" \/>\n\t<meta property=\"og:image:type\" content=\"image\/jpeg\" \/>\n<meta name=\"twitter:card\" content=\"summary_large_image\" \/>\n<meta name=\"twitter:site\" content=\"@SenaattiK\" \/>\n<meta name=\"twitter:label1\" content=\"Est. reading time\" \/>\n\t<meta name=\"twitter:data1\" content=\"3 minutes\" \/>\n<script type=\"application\/ld+json\" class=\"yoast-schema-graph\">{\"@context\":\"https:\/\/schema.org\",\"@graph\":[{\"@type\":\"WebPage\",\"@id\":\"https:\/\/testi-e2c55b704894.senaatti.fi\/en\/current-topics\/articles\/everyone-immediately-understood-the-need-to-save-energy\/\",\"url\":\"https:\/\/testi-e2c55b704894.senaatti.fi\/en\/current-topics\/articles\/everyone-immediately-understood-the-need-to-save-energy\/\",\"name\":\"Everyone immediately understood the need to save energy - Senaatti\",\"isPartOf\":{\"@id\":\"https:\/\/www.senaatti.fi\/#website\"},\"primaryImageOfPage\":{\"@id\":\"https:\/\/testi-e2c55b704894.senaatti.fi\/en\/current-topics\/articles\/everyone-immediately-understood-the-need-to-save-energy\/#primaryimage\"},\"image\":{\"@id\":\"https:\/\/testi-e2c55b704894.senaatti.fi\/en\/current-topics\/articles\/everyone-immediately-understood-the-need-to-save-energy\/#primaryimage\"},\"thumbnailUrl\":\"https:\/\/testi-e2c55b704894.senaatti.fi\/app\/uploads\/2023\/04\/Jaaskelainen-Sanna.jpg\",\"datePublished\":\"2023-04-27T11:27:23+00:00\",\"dateModified\":\"2024-05-13T06:57:21+00:00\",\"description\":\"\\\"The Energy Saving Programme we launched promptly in the autumn had already delivered good results during the winter. Together with our clients, we achieved significant savings,\u201d says Sanna J\u00e4\u00e4skel\u00e4inen, Programme Coordinator, Marketing and Communications Director.\",\"breadcrumb\":{\"@id\":\"https:\/\/testi-e2c55b704894.senaatti.fi\/en\/current-topics\/articles\/everyone-immediately-understood-the-need-to-save-energy\/#breadcrumb\"},\"inLanguage\":\"en-US\",\"potentialAction\":[{\"@type\":\"ReadAction\",\"target\":[\"https:\/\/testi-e2c55b704894.senaatti.fi\/en\/current-topics\/articles\/everyone-immediately-understood-the-need-to-save-energy\/\"]}]},{\"@type\":\"ImageObject\",\"inLanguage\":\"en-US\",\"@id\":\"https:\/\/testi-e2c55b704894.senaatti.fi\/en\/current-topics\/articles\/everyone-immediately-understood-the-need-to-save-energy\/#primaryimage\",\"url\":\"https:\/\/testi-e2c55b704894.senaatti.fi\/app\/uploads\/2023\/04\/Jaaskelainen-Sanna.jpg\",\"contentUrl\":\"https:\/\/testi-e2c55b704894.senaatti.fi\/app\/uploads\/2023\/04\/Jaaskelainen-Sanna.jpg\",\"width\":1440,\"height\":1080,\"caption\":\"Sanna J\u00e4\u00e4skel\u00e4inen.\"},{\"@type\":\"BreadcrumbList\",\"@id\":\"https:\/\/testi-e2c55b704894.senaatti.fi\/en\/current-topics\/articles\/everyone-immediately-understood-the-need-to-save-energy\/#breadcrumb\",\"itemListElement\":[{\"@type\":\"ListItem\",\"position\":1,\"name\":\"Home\",\"item\":\"https:\/\/www.senaatti.fi\/en\/\"},{\"@type\":\"ListItem\",\"position\":2,\"name\":\"Everyone immediately understood the need to save energy\"}]},{\"@type\":\"WebSite\",\"@id\":\"https:\/\/www.senaatti.fi\/#website\",\"url\":\"https:\/\/www.senaatti.fi\/\",\"name\":\"Senaatti\",\"description\":\"Just another WordPress site\",\"publisher\":{\"@id\":\"https:\/\/www.senaatti.fi\/#organization\"},\"potentialAction\":[{\"@type\":\"SearchAction\",\"target\":{\"@type\":\"EntryPoint\",\"urlTemplate\":\"https:\/\/www.senaatti.fi\/?s={search_term_string}\"},\"query-input\":{\"@type\":\"PropertyValueSpecification\",\"valueRequired\":true,\"valueName\":\"search_term_string\"}}],\"inLanguage\":\"en-US\"},{\"@type\":\"Organization\",\"@id\":\"https:\/\/www.senaatti.fi\/#organization\",\"name\":\"Senaatti-kiinteist\u00f6t\",\"url\":\"https:\/\/www.senaatti.fi\/\",\"logo\":{\"@type\":\"ImageObject\",\"inLanguage\":\"en-US\",\"@id\":\"https:\/\/www.senaatti.fi\/#\/schema\/logo\/image\/\",\"url\":\"https:\/\/testi-e2c55b704894.senaatti.fi\/app\/uploads\/2021\/01\/Senaatti_FB_profiili_1200x630.png\",\"contentUrl\":\"https:\/\/testi-e2c55b704894.senaatti.fi\/app\/uploads\/2021\/01\/Senaatti_FB_profiili_1200x630.png\",\"width\":1201,\"height\":631,\"caption\":\"Senaatti-kiinteist\u00f6t\"},\"image\":{\"@id\":\"https:\/\/www.senaatti.fi\/#\/schema\/logo\/image\/\"},\"sameAs\":[\"https:\/\/www.facebook.com\/SenaattiKiinteistot\/\",\"https:\/\/x.com\/SenaattiK\",\"https:\/\/www.linkedin.com\/company\/senate-properties\",\"https:\/\/www.youtube.com\/channel\/UCunSUhMjKd5KqASPgBrndkQ\"]}]}<\/script>\n<!-- \/ Yoast SEO plugin. -->","yoast_head_json":{"title":"Everyone immediately understood the need to save energy - Senaatti","description":"\"The Energy Saving Programme we launched promptly in the autumn had already delivered good results during the winter. Together with our clients, we achieved significant savings,\u201d says Sanna J\u00e4\u00e4skel\u00e4inen, Programme Coordinator, Marketing and Communications Director.","robots":{"index":"noindex","follow":"follow","max-snippet":"max-snippet:-1","max-image-preview":"max-image-preview:large","max-video-preview":"max-video-preview:-1"},"og_locale":"en_US","og_type":"article","og_title":"Everyone immediately understood the need to save energy - Senaatti","og_description":"\"The Energy Saving Programme we launched promptly in the autumn had already delivered good results during the winter. Together with our clients, we achieved significant savings,\u201d says Sanna J\u00e4\u00e4skel\u00e4inen, Programme Coordinator, Marketing and Communications Director.","og_url":"https:\/\/testi-e2c55b704894.senaatti.fi\/en\/current-topics\/articles\/everyone-immediately-understood-the-need-to-save-energy\/","og_site_name":"Senaatti","article_publisher":"https:\/\/www.facebook.com\/SenaattiKiinteistot\/","article_modified_time":"2024-05-13T06:57:21+00:00","og_image":[{"width":1024,"height":768,"url":"https:\/\/www.senaatti.fi\/app\/uploads\/2023\/04\/Jaaskelainen-Sanna-1024x768.jpg","type":"image\/jpeg"}],"twitter_card":"summary_large_image","twitter_site":"@SenaattiK","twitter_misc":{"Est. reading time":"3 minutes"},"schema":{"@context":"https:\/\/schema.org","@graph":[{"@type":"WebPage","@id":"https:\/\/testi-e2c55b704894.senaatti.fi\/en\/current-topics\/articles\/everyone-immediately-understood-the-need-to-save-energy\/","url":"https:\/\/testi-e2c55b704894.senaatti.fi\/en\/current-topics\/articles\/everyone-immediately-understood-the-need-to-save-energy\/","name":"Everyone immediately understood the need to save energy - Senaatti","isPartOf":{"@id":"https:\/\/www.senaatti.fi\/#website"},"primaryImageOfPage":{"@id":"https:\/\/testi-e2c55b704894.senaatti.fi\/en\/current-topics\/articles\/everyone-immediately-understood-the-need-to-save-energy\/#primaryimage"},"image":{"@id":"https:\/\/testi-e2c55b704894.senaatti.fi\/en\/current-topics\/articles\/everyone-immediately-understood-the-need-to-save-energy\/#primaryimage"},"thumbnailUrl":"https:\/\/testi-e2c55b704894.senaatti.fi\/app\/uploads\/2023\/04\/Jaaskelainen-Sanna.jpg","datePublished":"2023-04-27T11:27:23+00:00","dateModified":"2024-05-13T06:57:21+00:00","description":"\"The Energy Saving Programme we launched promptly in the autumn had already delivered good results during the winter. Together with our clients, we achieved significant savings,\u201d says Sanna J\u00e4\u00e4skel\u00e4inen, Programme Coordinator, Marketing and Communications Director.","breadcrumb":{"@id":"https:\/\/testi-e2c55b704894.senaatti.fi\/en\/current-topics\/articles\/everyone-immediately-understood-the-need-to-save-energy\/#breadcrumb"},"inLanguage":"en-US","potentialAction":[{"@type":"ReadAction","target":["https:\/\/testi-e2c55b704894.senaatti.fi\/en\/current-topics\/articles\/everyone-immediately-understood-the-need-to-save-energy\/"]}]},{"@type":"ImageObject","inLanguage":"en-US","@id":"https:\/\/testi-e2c55b704894.senaatti.fi\/en\/current-topics\/articles\/everyone-immediately-understood-the-need-to-save-energy\/#primaryimage","url":"https:\/\/testi-e2c55b704894.senaatti.fi\/app\/uploads\/2023\/04\/Jaaskelainen-Sanna.jpg","contentUrl":"https:\/\/testi-e2c55b704894.senaatti.fi\/app\/uploads\/2023\/04\/Jaaskelainen-Sanna.jpg","width":1440,"height":1080,"caption":"Sanna J\u00e4\u00e4skel\u00e4inen."},{"@type":"BreadcrumbList","@id":"https:\/\/testi-e2c55b704894.senaatti.fi\/en\/current-topics\/articles\/everyone-immediately-understood-the-need-to-save-energy\/#breadcrumb","itemListElement":[{"@type":"ListItem","position":1,"name":"Home","item":"https:\/\/www.senaatti.fi\/en\/"},{"@type":"ListItem","position":2,"name":"Everyone immediately understood the need to save energy"}]},{"@type":"WebSite","@id":"https:\/\/www.senaatti.fi\/#website","url":"https:\/\/www.senaatti.fi\/","name":"Senaatti","description":"Just another WordPress site","publisher":{"@id":"https:\/\/www.senaatti.fi\/#organization"},"potentialAction":[{"@type":"SearchAction","target":{"@type":"EntryPoint","urlTemplate":"https:\/\/www.senaatti.fi\/?s={search_term_string}"},"query-input":{"@type":"PropertyValueSpecification","valueRequired":true,"valueName":"search_term_string"}}],"inLanguage":"en-US"},{"@type":"Organization","@id":"https:\/\/www.senaatti.fi\/#organization","name":"Senaatti-kiinteist\u00f6t","url":"https:\/\/www.senaatti.fi\/","logo":{"@type":"ImageObject","inLanguage":"en-US","@id":"https:\/\/www.senaatti.fi\/#\/schema\/logo\/image\/","url":"https:\/\/testi-e2c55b704894.senaatti.fi\/app\/uploads\/2021\/01\/Senaatti_FB_profiili_1200x630.png","contentUrl":"https:\/\/testi-e2c55b704894.senaatti.fi\/app\/uploads\/2021\/01\/Senaatti_FB_profiili_1200x630.png","width":1201,"height":631,"caption":"Senaatti-kiinteist\u00f6t"},"image":{"@id":"https:\/\/www.senaatti.fi\/#\/schema\/logo\/image\/"},"sameAs":["https:\/\/www.facebook.com\/SenaattiKiinteistot\/","https:\/\/x.com\/SenaattiK","https:\/\/www.linkedin.com\/company\/senate-properties","https:\/\/www.youtube.com\/channel\/UCunSUhMjKd5KqASPgBrndkQ"]}]}},"category":{"term_id":934,"name":"Energy Saving Programme","slug":"energy-saving-programme","term_group":0,"term_taxonomy_id":934,"taxonomy":"senaatti_category","description":"","parent":0,"count":7,"filter":"raw","term_order":"0","order":"0"},"mod_excerpt":"\"The Energy Saving Programme we launched promptly in the autumn had already delivered good results during the winter. Together with our clients, we achieved significant...","mod_date":"27.4.2023","thumbnail":"https:\/\/testi-e2c55b704894.senaatti.fi\/app\/uploads\/2023\/04\/Jaaskelainen-Sanna-1024x768.jpg","thumbnail_alt":"Sanna J\u00e4\u00e4skel\u00e4inen.","thumbnail_desc":"","hash":853835,"_links":{"self":[{"href":"https:\/\/testi-e2c55b704894.senaatti.fi\/en\/wp-json\/wp\/v2\/senaatti_article\/63955","targetHints":{"allow":["GET"]}}],"collection":[{"href":"https:\/\/testi-e2c55b704894.senaatti.fi\/en\/wp-json\/wp\/v2\/senaatti_article"}],"about":[{"href":"https:\/\/testi-e2c55b704894.senaatti.fi\/en\/wp-json\/wp\/v2\/types\/senaatti_article"}],"version-history":[{"count":3,"href":"https:\/\/testi-e2c55b704894.senaatti.fi\/en\/wp-json\/wp\/v2\/senaatti_article\/63955\/revisions"}],"predecessor-version":[{"id":64321,"href":"https:\/\/testi-e2c55b704894.senaatti.fi\/en\/wp-json\/wp\/v2\/senaatti_article\/63955\/revisions\/64321"}],"wp:featuredmedia":[{"embeddable":true,"href":"https:\/\/testi-e2c55b704894.senaatti.fi\/en\/wp-json\/wp\/v2\/media\/63479"}],"wp:attachment":[{"href":"https:\/\/testi-e2c55b704894.senaatti.fi\/en\/wp-json\/wp\/v2\/media?parent=63955"}],"curies":[{"name":"wp","href":"https:\/\/api.w.org\/{rel}","templated":true}]}}