{"id":68405,"date":"2023-05-16T08:44:08","date_gmt":"2023-05-16T05:44:08","guid":{"rendered":"https:\/\/testi-e2c55b704894.senaatti.fi\/2023\/05\/16\/senaatin-energiansaastoohjelmalla-miljoonasaastot-tyo-jatkuu-kesalla\/"},"modified":"2024-05-13T09:45:10","modified_gmt":"2024-05-13T06:45:10","slug":"senatkoncernens-energisparprogram-ger-miljonbesparingar-arbetet-fortsatter-pa-sommaren","status":"publish","type":"post","link":"https:\/\/testi-e2c55b704894.senaatti.fi\/sv\/aktuellt\/nyheter\/senatkoncernens-energisparprogram-ger-miljonbesparingar-arbetet-fortsatter-pa-sommaren\/","title":{"rendered":"Senatkoncernens energisparprogram ger miljonbesparingar \u2013 arbetet forts\u00e4tter p\u00e5 sommaren"},"content":{"rendered":"<p><strong>Senatkoncernens energisparprogram medf\u00f6rde betydande besparingar under vinters\u00e4songen. F\u00f6re utg\u00e5ngen av mars hade man i byggnader som \u00e4gs av koncernen sparat sammanlagt cirka 40\u00a0000 MWh energi, vilket motsvarar den \u00e5rliga energif\u00f6rbrukningen i cirka 5 000 tv\u00e5rummare i v\u00e5ningshus och i euro en besparing p\u00e5 cirka fem miljoner euro. Programmet forts\u00e4tter nu med spar\u00e5tg\u00e4rder under sommaren.<\/strong><\/p>\n<p>I oktober 2022 inledde Senatkoncernen ett omfattande energisparprogram i statens fastigheter. Energispar\u00e5tg\u00e4rder vidtogs under vinterm\u00e5naderna i cirka tusen byggnader p\u00e5 olika h\u00e5ll i Finland.<\/p>\n<p>St\u00f6rsta delen av energibesparingen, cirka 30 000 MWh, h\u00e4nf\u00f6rde sig till v\u00e4rmeenergi. Fram till slutet av mars hade cirka 10 000 MWh el sparats. Vid Senatfastigheters objekt hade det f\u00f6re utg\u00e5ngen av mars sparats 25 000 MWh energi och vid F\u00f6rsvarsfastigheters objekt cirka 15 000 MWh energi. Sparm\u00f6jligheterna och de uppn\u00e5dda besparingarna varierade i objekten och variationerna var betydande. I vissa lokaler som f\u00f6rsvarsf\u00f6rvaltningen och andra s\u00e4kerhetsakt\u00f6rer anv\u00e4nder 24\/7 kunde energif\u00f6rbrukningen inte minskas.<\/p>\n<p>Anv\u00e4ndarna av statens lokaler har f\u00f6rh\u00e5llit sig positivt till energisparande, och till exempel s\u00e4nkningen av inomhustemperaturen har inte lett till \u00f6kad negativ respons.<\/p>\n<p>\u201dDet k\u00e4nns fint att lokalanv\u00e4ndarna har insett vikten av detta och ocks\u00e5 sj\u00e4lva varit aktiva. Vi har samlat in id\u00e9er och respons via olika kanaler och f\u00e5tt n\u00e4stan 10 000 f\u00f6rslag av v\u00e5ra kunder! Det \u00e4r ocks\u00e5 en fin prestation av v\u00e5r fastighetsf\u00f6rvaltning att besparingarna kunde genomf\u00f6ras utan att sparprogrammet medf\u00f6rde s\u00e4mre komfort i inomhusf\u00f6rh\u00e5llandena\u201d, s\u00e4ger <strong>Sanna J\u00e4\u00e4skel\u00e4inen<\/strong>, chef f\u00f6r energisparprogrammet.<\/p>\n<p>Senatkoncernens energisparprogram forts\u00e4tter till utg\u00e5ngen av 2023. D\u00e4refter kommer det arbete som genomf\u00f6rts i programmet att bli en del av den normala verksamheten och processutvecklingen. Programmet syftar totalt sett till att minska energif\u00f6rbrukningen med 50\u00a0000\u201375 000 MWh, och p\u00e5 basis av de resultat som hittills uppn\u00e5tts kommer m\u00e5let att uppn\u00e5s.<\/p>\n<p>\u201dTrots att det omedelbara hotet om elbrist \u00e4r f\u00f6rbi \u00e4r det fortfarande viktigt att spara energi. Det energipris som staten betalar \u00e4r fortfarande betydligt h\u00f6gre \u00e4n under tidigare \u00e5r, och slutet p\u00e5 importen fr\u00e5n Ryssland p\u00e5verkar tillg\u00e5ngen p\u00e5 br\u00e4nslen f\u00f6r inhemsk v\u00e4rmeproduktion. Varje sparad watt p\u00e5verkar b\u00e5de milj\u00f6n och ekonomin\u201d, s\u00e4ger J\u00e4\u00e4skel\u00e4inen.<\/p>\n<p><strong>Energisparandet forts\u00e4tter ocks\u00e5 under sommaren<\/strong><\/p>\n<p>Energisparprogrammet forts\u00e4tter nu med \u00e5tg\u00e4rder som kan minska f\u00f6rbrukningen under sommars\u00e4songen. Sparpotentialen \u00e4r betydligt mindre \u00e4n under vinters\u00e4songen, men i synnerhet genom att reglera kylningen och p\u00e5verka behovet av kylning kan man spara el.<\/p>\n<p>Under sommars\u00e4songen reglerar fastighetsf\u00f6rvaltningen hustekniken och kylningen i maskinellt kylda byggnader s\u00e5 att temperaturen i normala kontorsutrymmen inte sjunker under 24 grader genom kylning. Ett undantag \u00e4r bland annat f\u00f6nsterl\u00f6sa lokaler d\u00e4r kylbehovet \u00e4r kontinuerligt samt andra lokaler d\u00e4r verksamheten kr\u00e4ver effektivare kylning.<\/p>\n<p>Lokalanv\u00e4ndarna kan sj\u00e4lva p\u00e5verka behovet av kylning, och Senatkoncernens m\u00e5l \u00e4r att v\u00e4gleda lokalanv\u00e4ndarna att spara energi ocks\u00e5 under sommars\u00e4songen. Lokalanv\u00e4ndarna kan g\u00e4rna utnyttja persienner och se till att elapparater eller belysning inte \u00e4r p\u00e5 i on\u00f6dan.<\/p>\n<p>\u201dGenom att justera persiennernas vinkel under en solig dag kan man l\u00e4tt halvera den m\u00e4ngd solv\u00e4rme som kommer in lokalen och \u00e4nd\u00e5 f\u00e5 in dagsljus i lokalen. I ett maskinellt kylt hus minskar den aktiva anv\u00e4ndningen av persienner behovet av kylning och samtidigt minskar risken f\u00f6r drag som kylanordningarna eventuellt orsakar\u201d, s\u00e4ger specialsakkunnig <strong>Pasi Pipatti<\/strong>.<\/p>\n<p>Mer information om energisparprogrammet finns p\u00e5 Senatkoncernens webbplats: <a href=\"https:\/\/testi-e2c55b704894.senaatti.fi\/sv\/energisparprogram\/\">Energiesparprogram<\/a><\/p>\n","protected":false},"excerpt":{"rendered":"<p>Senatkoncernens energisparprogram medf\u00f6rde betydande besparingar under vinters\u00e4songen. F\u00f6re utg\u00e5ngen av mars hade man i byggnader som \u00e4gs av koncernen sparat sammanlagt cirka 40\u00a0000 MWh energi, vilket motsvarar den \u00e5rliga energif\u00f6rbrukningen i cirka 5 000 tv\u00e5rummare i v\u00e5ningshus och i euro en besparing p\u00e5 cirka fem miljoner euro. Programmet forts\u00e4tter nu med spar\u00e5tg\u00e4rder under sommaren. I [&hellip;]<\/p>\n","protected":false},"author":12,"featured_media":56563,"comment_status":"open","ping_status":"open","sticky":false,"template":"","format":"standard","meta":{"_acf_changed":false,"footnotes":""},"class_list":["post-68405","post","type-post","status-publish","format-standard","has-post-thumbnail","hentry","senaatti_category-energisparprogram","senaatti_category-forsvarsfastigheter","senaatti_type-meddelande"],"acf":[],"yoast_head":"<!-- This site is optimized with the Yoast SEO plugin v23.9 - https:\/\/yoast.com\/wordpress\/plugins\/seo\/ -->\n<title>Senatkoncernens energisparprogram ger miljonbesparingar \u2013 arbetet forts\u00e4tter p\u00e5 sommaren - Senaatti<\/title>\n<meta name=\"description\" content=\"Senatkoncernens energisparprogram medf\u00f6rde betydande besparingar under vinters\u00e4songen. F\u00f6re utg\u00e5ngen av mars hade man i byggnader som \u00e4gs av koncernen\" \/>\n<meta name=\"robots\" content=\"noindex, follow, max-snippet:-1, max-image-preview:large, max-video-preview:-1\" \/>\n<meta property=\"og:locale\" content=\"sv_SE\" \/>\n<meta property=\"og:type\" content=\"article\" \/>\n<meta property=\"og:title\" content=\"Senatkoncernens energisparprogram ger miljonbesparingar \u2013 arbetet forts\u00e4tter p\u00e5 sommaren - Senaatti\" \/>\n<meta property=\"og:description\" content=\"Senatkoncernens energisparprogram medf\u00f6rde betydande besparingar under vinters\u00e4songen. F\u00f6re utg\u00e5ngen av mars hade man i byggnader som \u00e4gs av koncernen\" \/>\n<meta property=\"og:url\" content=\"https:\/\/testi-e2c55b704894.senaatti.fi\/sv\/aktuellt\/nyheter\/senatkoncernens-energisparprogram-ger-miljonbesparingar-arbetet-fortsatter-pa-sommaren\/\" \/>\n<meta property=\"og:site_name\" content=\"Senaatti\" \/>\n<meta property=\"article:publisher\" content=\"https:\/\/www.facebook.com\/SenaattiKiinteistot\/\" \/>\n<meta property=\"article:published_time\" content=\"2023-05-16T05:44:08+00:00\" \/>\n<meta property=\"article:modified_time\" content=\"2024-05-13T06:45:10+00:00\" \/>\n<meta property=\"og:image\" content=\"https:\/\/www.senaatti.fi\/app\/uploads\/2022\/10\/Energiansaasto_2_Senaatti_Web.jpg\" \/>\n\t<meta property=\"og:image:width\" content=\"881\" \/>\n\t<meta property=\"og:image:height\" content=\"521\" \/>\n\t<meta property=\"og:image:type\" content=\"image\/jpeg\" \/>\n<meta name=\"author\" content=\"Outi Tarkka\" \/>\n<meta name=\"twitter:card\" content=\"summary_large_image\" \/>\n<meta name=\"twitter:creator\" content=\"@SenaattiK\" \/>\n<meta name=\"twitter:site\" content=\"@SenaattiK\" \/>\n<meta name=\"twitter:label1\" content=\"Skriven av\" \/>\n\t<meta name=\"twitter:data1\" content=\"Outi Tarkka\" \/>\n\t<meta name=\"twitter:label2\" content=\"Ber\u00e4knad l\u00e4stid\" \/>\n\t<meta name=\"twitter:data2\" content=\"4 minuter\" \/>\n<script type=\"application\/ld+json\" class=\"yoast-schema-graph\">{\"@context\":\"https:\/\/schema.org\",\"@graph\":[{\"@type\":\"Article\",\"@id\":\"https:\/\/testi-e2c55b704894.senaatti.fi\/sv\/aktuellt\/nyheter\/senatkoncernens-energisparprogram-ger-miljonbesparingar-arbetet-fortsatter-pa-sommaren\/#article\",\"isPartOf\":{\"@id\":\"https:\/\/testi-e2c55b704894.senaatti.fi\/sv\/aktuellt\/nyheter\/senatkoncernens-energisparprogram-ger-miljonbesparingar-arbetet-fortsatter-pa-sommaren\/\"},\"author\":{\"name\":\"Outi Tarkka\",\"@id\":\"https:\/\/www.senaatti.fi\/#\/schema\/person\/ab3009599d8ed38f61798a6f175833aa\"},\"headline\":\"Senatkoncernens energisparprogram ger miljonbesparingar \u2013 arbetet forts\u00e4tter p\u00e5 sommaren\",\"datePublished\":\"2023-05-16T05:44:08+00:00\",\"dateModified\":\"2024-05-13T06:45:10+00:00\",\"mainEntityOfPage\":{\"@id\":\"https:\/\/testi-e2c55b704894.senaatti.fi\/sv\/aktuellt\/nyheter\/senatkoncernens-energisparprogram-ger-miljonbesparingar-arbetet-fortsatter-pa-sommaren\/\"},\"wordCount\":614,\"commentCount\":0,\"publisher\":{\"@id\":\"https:\/\/www.senaatti.fi\/#organization\"},\"image\":{\"@id\":\"https:\/\/testi-e2c55b704894.senaatti.fi\/sv\/aktuellt\/nyheter\/senatkoncernens-energisparprogram-ger-miljonbesparingar-arbetet-fortsatter-pa-sommaren\/#primaryimage\"},\"thumbnailUrl\":\"https:\/\/testi-e2c55b704894.senaatti.fi\/app\/uploads\/2022\/10\/Energiansaasto_2_Senaatti_Web.jpg\",\"articleSection\":[\"Nyhet\"],\"inLanguage\":\"sv-SE\"},{\"@type\":\"WebPage\",\"@id\":\"https:\/\/testi-e2c55b704894.senaatti.fi\/sv\/aktuellt\/nyheter\/senatkoncernens-energisparprogram-ger-miljonbesparingar-arbetet-fortsatter-pa-sommaren\/\",\"url\":\"https:\/\/testi-e2c55b704894.senaatti.fi\/sv\/aktuellt\/nyheter\/senatkoncernens-energisparprogram-ger-miljonbesparingar-arbetet-fortsatter-pa-sommaren\/\",\"name\":\"Senatkoncernens energisparprogram ger miljonbesparingar \u2013 arbetet forts\u00e4tter p\u00e5 sommaren - Senaatti\",\"isPartOf\":{\"@id\":\"https:\/\/www.senaatti.fi\/#website\"},\"primaryImageOfPage\":{\"@id\":\"https:\/\/testi-e2c55b704894.senaatti.fi\/sv\/aktuellt\/nyheter\/senatkoncernens-energisparprogram-ger-miljonbesparingar-arbetet-fortsatter-pa-sommaren\/#primaryimage\"},\"image\":{\"@id\":\"https:\/\/testi-e2c55b704894.senaatti.fi\/sv\/aktuellt\/nyheter\/senatkoncernens-energisparprogram-ger-miljonbesparingar-arbetet-fortsatter-pa-sommaren\/#primaryimage\"},\"thumbnailUrl\":\"https:\/\/testi-e2c55b704894.senaatti.fi\/app\/uploads\/2022\/10\/Energiansaasto_2_Senaatti_Web.jpg\",\"datePublished\":\"2023-05-16T05:44:08+00:00\",\"dateModified\":\"2024-05-13T06:45:10+00:00\",\"description\":\"Senatkoncernens energisparprogram medf\u00f6rde betydande besparingar under vinters\u00e4songen. F\u00f6re utg\u00e5ngen av mars hade man i byggnader som \u00e4gs av koncernen\",\"breadcrumb\":{\"@id\":\"https:\/\/testi-e2c55b704894.senaatti.fi\/sv\/aktuellt\/nyheter\/senatkoncernens-energisparprogram-ger-miljonbesparingar-arbetet-fortsatter-pa-sommaren\/#breadcrumb\"},\"inLanguage\":\"sv-SE\",\"potentialAction\":[{\"@type\":\"ReadAction\",\"target\":[\"https:\/\/testi-e2c55b704894.senaatti.fi\/sv\/aktuellt\/nyheter\/senatkoncernens-energisparprogram-ger-miljonbesparingar-arbetet-fortsatter-pa-sommaren\/\"]}]},{\"@type\":\"ImageObject\",\"inLanguage\":\"sv-SE\",\"@id\":\"https:\/\/testi-e2c55b704894.senaatti.fi\/sv\/aktuellt\/nyheter\/senatkoncernens-energisparprogram-ger-miljonbesparingar-arbetet-fortsatter-pa-sommaren\/#primaryimage\",\"url\":\"https:\/\/testi-e2c55b704894.senaatti.fi\/app\/uploads\/2022\/10\/Energiansaasto_2_Senaatti_Web.jpg\",\"contentUrl\":\"https:\/\/testi-e2c55b704894.senaatti.fi\/app\/uploads\/2022\/10\/Energiansaasto_2_Senaatti_Web.jpg\",\"width\":881,\"height\":521},{\"@type\":\"BreadcrumbList\",\"@id\":\"https:\/\/testi-e2c55b704894.senaatti.fi\/sv\/aktuellt\/nyheter\/senatkoncernens-energisparprogram-ger-miljonbesparingar-arbetet-fortsatter-pa-sommaren\/#breadcrumb\",\"itemListElement\":[{\"@type\":\"ListItem\",\"position\":1,\"name\":\"Hem\",\"item\":\"https:\/\/www.senaatti.fi\/sv\/\"},{\"@type\":\"ListItem\",\"position\":2,\"name\":\"Senatkoncernens energisparprogram ger miljonbesparingar \u2013 arbetet forts\u00e4tter p\u00e5 sommaren\"}]},{\"@type\":\"WebSite\",\"@id\":\"https:\/\/www.senaatti.fi\/#website\",\"url\":\"https:\/\/www.senaatti.fi\/\",\"name\":\"Senaatti\",\"description\":\"Just another WordPress site\",\"publisher\":{\"@id\":\"https:\/\/www.senaatti.fi\/#organization\"},\"potentialAction\":[{\"@type\":\"SearchAction\",\"target\":{\"@type\":\"EntryPoint\",\"urlTemplate\":\"https:\/\/www.senaatti.fi\/?s={search_term_string}\"},\"query-input\":{\"@type\":\"PropertyValueSpecification\",\"valueRequired\":true,\"valueName\":\"search_term_string\"}}],\"inLanguage\":\"sv-SE\"},{\"@type\":\"Organization\",\"@id\":\"https:\/\/www.senaatti.fi\/#organization\",\"name\":\"Senaatti-kiinteist\u00f6t\",\"url\":\"https:\/\/www.senaatti.fi\/\",\"logo\":{\"@type\":\"ImageObject\",\"inLanguage\":\"sv-SE\",\"@id\":\"https:\/\/www.senaatti.fi\/#\/schema\/logo\/image\/\",\"url\":\"https:\/\/testi-e2c55b704894.senaatti.fi\/app\/uploads\/2021\/01\/Senaatti_FB_profiili_1200x630.png\",\"contentUrl\":\"https:\/\/testi-e2c55b704894.senaatti.fi\/app\/uploads\/2021\/01\/Senaatti_FB_profiili_1200x630.png\",\"width\":1201,\"height\":631,\"caption\":\"Senaatti-kiinteist\u00f6t\"},\"image\":{\"@id\":\"https:\/\/www.senaatti.fi\/#\/schema\/logo\/image\/\"},\"sameAs\":[\"https:\/\/www.facebook.com\/SenaattiKiinteistot\/\",\"https:\/\/x.com\/SenaattiK\",\"https:\/\/www.linkedin.com\/company\/senate-properties\",\"https:\/\/www.youtube.com\/channel\/UCunSUhMjKd5KqASPgBrndkQ\"]},{\"@type\":\"Person\",\"@id\":\"https:\/\/www.senaatti.fi\/#\/schema\/person\/ab3009599d8ed38f61798a6f175833aa\",\"name\":\"Outi Tarkka\",\"image\":{\"@type\":\"ImageObject\",\"inLanguage\":\"sv-SE\",\"@id\":\"https:\/\/www.senaatti.fi\/#\/schema\/person\/image\/\",\"url\":\"https:\/\/secure.gravatar.com\/avatar\/5d6e36a365283bd877e3b1630ff91e3c?s=96&d=mm&r=g\",\"contentUrl\":\"https:\/\/secure.gravatar.com\/avatar\/5d6e36a365283bd877e3b1630ff91e3c?s=96&d=mm&r=g\",\"caption\":\"Outi Tarkka\"}}]}<\/script>\n<!-- \/ Yoast SEO plugin. -->","yoast_head_json":{"title":"Senatkoncernens energisparprogram ger miljonbesparingar \u2013 arbetet forts\u00e4tter p\u00e5 sommaren - Senaatti","description":"Senatkoncernens energisparprogram medf\u00f6rde betydande besparingar under vinters\u00e4songen. F\u00f6re utg\u00e5ngen av mars hade man i byggnader som \u00e4gs av koncernen","robots":{"index":"noindex","follow":"follow","max-snippet":"max-snippet:-1","max-image-preview":"max-image-preview:large","max-video-preview":"max-video-preview:-1"},"og_locale":"sv_SE","og_type":"article","og_title":"Senatkoncernens energisparprogram ger miljonbesparingar \u2013 arbetet forts\u00e4tter p\u00e5 sommaren - Senaatti","og_description":"Senatkoncernens energisparprogram medf\u00f6rde betydande besparingar under vinters\u00e4songen. F\u00f6re utg\u00e5ngen av mars hade man i byggnader som \u00e4gs av koncernen","og_url":"https:\/\/testi-e2c55b704894.senaatti.fi\/sv\/aktuellt\/nyheter\/senatkoncernens-energisparprogram-ger-miljonbesparingar-arbetet-fortsatter-pa-sommaren\/","og_site_name":"Senaatti","article_publisher":"https:\/\/www.facebook.com\/SenaattiKiinteistot\/","article_published_time":"2023-05-16T05:44:08+00:00","article_modified_time":"2024-05-13T06:45:10+00:00","og_image":[{"url":"https:\/\/www.senaatti.fi\/app\/uploads\/2022\/10\/Energiansaasto_2_Senaatti_Web.jpg","width":881,"height":521,"type":"image\/jpeg"}],"author":"Outi Tarkka","twitter_card":"summary_large_image","twitter_creator":"@SenaattiK","twitter_site":"@SenaattiK","twitter_misc":{"Skriven av":"Outi Tarkka","Ber\u00e4knad l\u00e4stid":"4 minuter"},"schema":{"@context":"https:\/\/schema.org","@graph":[{"@type":"Article","@id":"https:\/\/testi-e2c55b704894.senaatti.fi\/sv\/aktuellt\/nyheter\/senatkoncernens-energisparprogram-ger-miljonbesparingar-arbetet-fortsatter-pa-sommaren\/#article","isPartOf":{"@id":"https:\/\/testi-e2c55b704894.senaatti.fi\/sv\/aktuellt\/nyheter\/senatkoncernens-energisparprogram-ger-miljonbesparingar-arbetet-fortsatter-pa-sommaren\/"},"author":{"name":"Outi Tarkka","@id":"https:\/\/www.senaatti.fi\/#\/schema\/person\/ab3009599d8ed38f61798a6f175833aa"},"headline":"Senatkoncernens energisparprogram ger miljonbesparingar \u2013 arbetet forts\u00e4tter p\u00e5 sommaren","datePublished":"2023-05-16T05:44:08+00:00","dateModified":"2024-05-13T06:45:10+00:00","mainEntityOfPage":{"@id":"https:\/\/testi-e2c55b704894.senaatti.fi\/sv\/aktuellt\/nyheter\/senatkoncernens-energisparprogram-ger-miljonbesparingar-arbetet-fortsatter-pa-sommaren\/"},"wordCount":614,"commentCount":0,"publisher":{"@id":"https:\/\/www.senaatti.fi\/#organization"},"image":{"@id":"https:\/\/testi-e2c55b704894.senaatti.fi\/sv\/aktuellt\/nyheter\/senatkoncernens-energisparprogram-ger-miljonbesparingar-arbetet-fortsatter-pa-sommaren\/#primaryimage"},"thumbnailUrl":"https:\/\/testi-e2c55b704894.senaatti.fi\/app\/uploads\/2022\/10\/Energiansaasto_2_Senaatti_Web.jpg","articleSection":["Nyhet"],"inLanguage":"sv-SE"},{"@type":"WebPage","@id":"https:\/\/testi-e2c55b704894.senaatti.fi\/sv\/aktuellt\/nyheter\/senatkoncernens-energisparprogram-ger-miljonbesparingar-arbetet-fortsatter-pa-sommaren\/","url":"https:\/\/testi-e2c55b704894.senaatti.fi\/sv\/aktuellt\/nyheter\/senatkoncernens-energisparprogram-ger-miljonbesparingar-arbetet-fortsatter-pa-sommaren\/","name":"Senatkoncernens energisparprogram ger miljonbesparingar \u2013 arbetet forts\u00e4tter p\u00e5 sommaren - Senaatti","isPartOf":{"@id":"https:\/\/www.senaatti.fi\/#website"},"primaryImageOfPage":{"@id":"https:\/\/testi-e2c55b704894.senaatti.fi\/sv\/aktuellt\/nyheter\/senatkoncernens-energisparprogram-ger-miljonbesparingar-arbetet-fortsatter-pa-sommaren\/#primaryimage"},"image":{"@id":"https:\/\/testi-e2c55b704894.senaatti.fi\/sv\/aktuellt\/nyheter\/senatkoncernens-energisparprogram-ger-miljonbesparingar-arbetet-fortsatter-pa-sommaren\/#primaryimage"},"thumbnailUrl":"https:\/\/testi-e2c55b704894.senaatti.fi\/app\/uploads\/2022\/10\/Energiansaasto_2_Senaatti_Web.jpg","datePublished":"2023-05-16T05:44:08+00:00","dateModified":"2024-05-13T06:45:10+00:00","description":"Senatkoncernens energisparprogram medf\u00f6rde betydande besparingar under vinters\u00e4songen. F\u00f6re utg\u00e5ngen av mars hade man i byggnader som \u00e4gs av koncernen","breadcrumb":{"@id":"https:\/\/testi-e2c55b704894.senaatti.fi\/sv\/aktuellt\/nyheter\/senatkoncernens-energisparprogram-ger-miljonbesparingar-arbetet-fortsatter-pa-sommaren\/#breadcrumb"},"inLanguage":"sv-SE","potentialAction":[{"@type":"ReadAction","target":["https:\/\/testi-e2c55b704894.senaatti.fi\/sv\/aktuellt\/nyheter\/senatkoncernens-energisparprogram-ger-miljonbesparingar-arbetet-fortsatter-pa-sommaren\/"]}]},{"@type":"ImageObject","inLanguage":"sv-SE","@id":"https:\/\/testi-e2c55b704894.senaatti.fi\/sv\/aktuellt\/nyheter\/senatkoncernens-energisparprogram-ger-miljonbesparingar-arbetet-fortsatter-pa-sommaren\/#primaryimage","url":"https:\/\/testi-e2c55b704894.senaatti.fi\/app\/uploads\/2022\/10\/Energiansaasto_2_Senaatti_Web.jpg","contentUrl":"https:\/\/testi-e2c55b704894.senaatti.fi\/app\/uploads\/2022\/10\/Energiansaasto_2_Senaatti_Web.jpg","width":881,"height":521},{"@type":"BreadcrumbList","@id":"https:\/\/testi-e2c55b704894.senaatti.fi\/sv\/aktuellt\/nyheter\/senatkoncernens-energisparprogram-ger-miljonbesparingar-arbetet-fortsatter-pa-sommaren\/#breadcrumb","itemListElement":[{"@type":"ListItem","position":1,"name":"Hem","item":"https:\/\/www.senaatti.fi\/sv\/"},{"@type":"ListItem","position":2,"name":"Senatkoncernens energisparprogram ger miljonbesparingar \u2013 arbetet forts\u00e4tter p\u00e5 sommaren"}]},{"@type":"WebSite","@id":"https:\/\/www.senaatti.fi\/#website","url":"https:\/\/www.senaatti.fi\/","name":"Senaatti","description":"Just another WordPress site","publisher":{"@id":"https:\/\/www.senaatti.fi\/#organization"},"potentialAction":[{"@type":"SearchAction","target":{"@type":"EntryPoint","urlTemplate":"https:\/\/www.senaatti.fi\/?s={search_term_string}"},"query-input":{"@type":"PropertyValueSpecification","valueRequired":true,"valueName":"search_term_string"}}],"inLanguage":"sv-SE"},{"@type":"Organization","@id":"https:\/\/www.senaatti.fi\/#organization","name":"Senaatti-kiinteist\u00f6t","url":"https:\/\/www.senaatti.fi\/","logo":{"@type":"ImageObject","inLanguage":"sv-SE","@id":"https:\/\/www.senaatti.fi\/#\/schema\/logo\/image\/","url":"https:\/\/testi-e2c55b704894.senaatti.fi\/app\/uploads\/2021\/01\/Senaatti_FB_profiili_1200x630.png","contentUrl":"https:\/\/testi-e2c55b704894.senaatti.fi\/app\/uploads\/2021\/01\/Senaatti_FB_profiili_1200x630.png","width":1201,"height":631,"caption":"Senaatti-kiinteist\u00f6t"},"image":{"@id":"https:\/\/www.senaatti.fi\/#\/schema\/logo\/image\/"},"sameAs":["https:\/\/www.facebook.com\/SenaattiKiinteistot\/","https:\/\/x.com\/SenaattiK","https:\/\/www.linkedin.com\/company\/senate-properties","https:\/\/www.youtube.com\/channel\/UCunSUhMjKd5KqASPgBrndkQ"]},{"@type":"Person","@id":"https:\/\/www.senaatti.fi\/#\/schema\/person\/ab3009599d8ed38f61798a6f175833aa","name":"Outi Tarkka","image":{"@type":"ImageObject","inLanguage":"sv-SE","@id":"https:\/\/www.senaatti.fi\/#\/schema\/person\/image\/","url":"https:\/\/secure.gravatar.com\/avatar\/5d6e36a365283bd877e3b1630ff91e3c?s=96&d=mm&r=g","contentUrl":"https:\/\/secure.gravatar.com\/avatar\/5d6e36a365283bd877e3b1630ff91e3c?s=96&d=mm&r=g","caption":"Outi Tarkka"}}]}},"publishpress_future_action":{"enabled":false,"date":"2026-05-03 13:32:10","action":"change-status","newStatus":"draft","terms":[],"taxonomy":"category"},"_links":{"self":[{"href":"https:\/\/testi-e2c55b704894.senaatti.fi\/sv\/wp-json\/wp\/v2\/posts\/68405","targetHints":{"allow":["GET"]}}],"collection":[{"href":"https:\/\/testi-e2c55b704894.senaatti.fi\/sv\/wp-json\/wp\/v2\/posts"}],"about":[{"href":"https:\/\/testi-e2c55b704894.senaatti.fi\/sv\/wp-json\/wp\/v2\/types\/post"}],"author":[{"embeddable":true,"href":"https:\/\/testi-e2c55b704894.senaatti.fi\/sv\/wp-json\/wp\/v2\/users\/12"}],"replies":[{"embeddable":true,"href":"https:\/\/testi-e2c55b704894.senaatti.fi\/sv\/wp-json\/wp\/v2\/comments?post=68405"}],"version-history":[{"count":2,"href":"https:\/\/testi-e2c55b704894.senaatti.fi\/sv\/wp-json\/wp\/v2\/posts\/68405\/revisions"}],"predecessor-version":[{"id":68407,"href":"https:\/\/testi-e2c55b704894.senaatti.fi\/sv\/wp-json\/wp\/v2\/posts\/68405\/revisions\/68407"}],"wp:featuredmedia":[{"embeddable":true,"href":"https:\/\/testi-e2c55b704894.senaatti.fi\/sv\/wp-json\/wp\/v2\/media\/56563"}],"wp:attachment":[{"href":"https:\/\/testi-e2c55b704894.senaatti.fi\/sv\/wp-json\/wp\/v2\/media?parent=68405"}],"curies":[{"name":"wp","href":"https:\/\/api.w.org\/{rel}","templated":true}]}}