{"id":71861,"date":"2023-10-05T15:45:15","date_gmt":"2023-10-05T12:45:15","guid":{"rendered":"https:\/\/testi-e2c55b704894.senaatti.fi\/2023\/10\/05\/senaatille-palkinto-kestavan-kehityksen-sitoumuksesta\/"},"modified":"2024-05-13T09:45:48","modified_gmt":"2024-05-13T06:45:48","slug":"senatkoncernen-fick-pris-for-atagande-om-hallbar-utveckling","status":"publish","type":"post","link":"https:\/\/testi-e2c55b704894.senaatti.fi\/sv\/aktuellt\/nyheter\/senatkoncernen-fick-pris-for-atagande-om-hallbar-utveckling\/","title":{"rendered":"Senatkoncernen fick pris f\u00f6r \u00e5tagande om h\u00e5llbar utveckling"},"content":{"rendered":"<p>Sekretariatet f\u00f6r kommissionen f\u00f6r h\u00e5llbar utveckling, milj\u00f6ministeriet, jord- och skogsbruksministeriet och statens n\u00e4ringsdelegation bel\u00f6nade de b\u00e4sta \u00e5tagandena f\u00f6r h\u00e5llbar utveckling 2022. Enligt motiveringen till priset deltar Senatkoncernen flitigt i genomf\u00f6randet av b\u00e5de utsl\u00e4ppsfria byggarbetsplatser och green deal-avtal om h\u00e5llbar avveckling. Det \u00e4r fr\u00e5ga om frivilliga avtal som Senatkoncernen har f\u00f6rbundit sig till redan 2020.<\/p>\n<p>\u00c4ven utbildningssamkommunen i Sydv\u00e4stra Tavastland, P\u00e4ij\u00e4t-H\u00e4meen Ateriapalvelut Oy, Monetra Oy, Arla, tidskriften Yhteishyv\u00e4 och f\u00f6rs\u00e4kringsbolaget If fick erk\u00e4nnande.<\/p>\n<p>Generalsekreteraren f\u00f6r kommissionen f\u00f6r h\u00e5llbar utveckling konstaterade att \u00e5rets pristagare p\u00e5 ett utm\u00e4rkt s\u00e4tt representerar samh\u00e4llelig p\u00e5verkan inom omr\u00e5det h\u00e5llbar utveckling och att de genom sin verksamhet bidrar till en \u00f6verg\u00e5ng till social, ekologisk och ekonomisk h\u00e5llbarhet.<\/p>\n<p>Priset togs emot av <strong>Timo Kanerva<\/strong>, Senatkoncernens samh\u00e4llsansvariga direkt\u00f6r och <strong>Mirkka Rekola<\/strong>, sakkunnig p\u00e5 milj\u00f6ansvar och informationsmodellering.<\/p>\n<p>Inom Senatkoncernen \u00e4r samh\u00e4llsansvaret en oskiljaktig del av all verksamhet. Som ansvarig fastighets\u00e4gare ser Senatkoncernen till att verksamheten \u00e4r h\u00e5llbar b\u00e5de ur social, ekonomisk och milj\u00f6m\u00e4ssig synvinkel. Samh\u00e4llsansvar \u00e4r en av h\u00f6rnstenarna i aff\u00e4rsstrategin och en v\u00e4sentlig del av verksamhetsplanerna.<\/p>\n<p><em>FN:s medlemsl\u00e4nder kom 2015 \u00f6verens om ett handlingsprogram och m\u00e5l f\u00f6r h\u00e5llbar utveckling som styr fr\u00e4mjandet av h\u00e5llbar utveckling globalt 2016\u20132030. \u00c5tagande2050 \u00e4r en webbtj\u00e4nst d\u00e4r alla samh\u00e4llsakt\u00f6rer kan ing\u00e5 olika frivilliga \u00e5taganden f\u00f6r att fr\u00e4mja m\u00e5len i sin egen verksamhet. I tj\u00e4nsten \u00c5tagande2050 kan man se alla \u00e5taganden och green deal-\u00e5taganden. Samtidigt kan man ing\u00e5 ett eget \u00e5tagande f\u00f6r h\u00e5llbar utveckling.<br \/>\n<\/em><a href=\"https:\/\/sitoumus2050.fi\/sv\/koti#\/\">\u00c5tagande2050-webbtj\u00e4nst<\/a><\/p>\n<p><strong>L\u00e4s n\u00e4rmare i pressmeddelandet fr\u00e5n Statsr\u00e5dets kanslis<\/strong>: <a href=\"https:\/\/vnk.fi\/sv\/-\/de-basta-atagandena-for-hallbar-utveckling-belonades-1\">https:\/\/vnk.fi\/sv\/-\/de-basta-atagandena-for-hallbar-utveckling-belonades-1<\/a><\/p>\n<p>&nbsp;<\/p>\n","protected":false},"excerpt":{"rendered":"<p>Sekretariatet f\u00f6r kommissionen f\u00f6r h\u00e5llbar utveckling, milj\u00f6ministeriet, jord- och skogsbruksministeriet och statens n\u00e4ringsdelegation bel\u00f6nade de b\u00e4sta \u00e5tagandena f\u00f6r h\u00e5llbar utveckling 2022. Enligt motiveringen till priset deltar Senatkoncernen flitigt i genomf\u00f6randet av b\u00e5de utsl\u00e4ppsfria byggarbetsplatser och green deal-avtal om h\u00e5llbar avveckling. Det \u00e4r fr\u00e5ga om frivilliga avtal som Senatkoncernen har f\u00f6rbundit sig till redan 2020. \u00c4ven [&hellip;]<\/p>\n","protected":false},"author":12,"featured_media":67393,"comment_status":"open","ping_status":"open","sticky":false,"template":"","format":"standard","meta":{"_acf_changed":false,"footnotes":""},"class_list":["post-71861","post","type-post","status-publish","format-standard","has-post-thumbnail","hentry","senaatti_category-forsvarsfastigheter","senaatti_category-samhallsansvar","senaatti_type-nyhet"],"acf":[],"yoast_head":"<!-- This site is optimized with the Yoast SEO plugin v23.9 - https:\/\/yoast.com\/wordpress\/plugins\/seo\/ -->\n<title>Senatkoncernen fick pris f\u00f6r \u00e5tagande om h\u00e5llbar utveckling - Senaatti<\/title>\n<meta name=\"description\" content=\"Sekretariatet f\u00f6r kommissionen f\u00f6r h\u00e5llbar utveckling, milj\u00f6ministeriet, jord- och skogsbruksministeriet och statens n\u00e4ringsdelegation bel\u00f6nade de b\u00e4sta\" \/>\n<meta name=\"robots\" content=\"noindex, follow, max-snippet:-1, max-image-preview:large, max-video-preview:-1\" \/>\n<meta property=\"og:locale\" content=\"sv_SE\" \/>\n<meta property=\"og:type\" content=\"article\" \/>\n<meta property=\"og:title\" content=\"Senatkoncernen fick pris f\u00f6r \u00e5tagande om h\u00e5llbar utveckling - Senaatti\" \/>\n<meta property=\"og:description\" content=\"Sekretariatet f\u00f6r kommissionen f\u00f6r h\u00e5llbar utveckling, milj\u00f6ministeriet, jord- och skogsbruksministeriet och statens n\u00e4ringsdelegation bel\u00f6nade de b\u00e4sta\" \/>\n<meta property=\"og:url\" content=\"https:\/\/testi-e2c55b704894.senaatti.fi\/sv\/aktuellt\/nyheter\/senatkoncernen-fick-pris-for-atagande-om-hallbar-utveckling\/\" \/>\n<meta property=\"og:site_name\" content=\"Senaatti\" \/>\n<meta property=\"article:publisher\" content=\"https:\/\/www.facebook.com\/SenaattiKiinteistot\/\" \/>\n<meta property=\"article:published_time\" content=\"2023-10-05T12:45:15+00:00\" \/>\n<meta property=\"article:modified_time\" content=\"2024-05-13T06:45:48+00:00\" \/>\n<meta property=\"og:image\" content=\"https:\/\/www.senaatti.fi\/app\/uploads\/2023\/10\/Palkinto_kestavakehitys-1024x635.jpg\" \/>\n\t<meta property=\"og:image:width\" content=\"1024\" \/>\n\t<meta property=\"og:image:height\" content=\"635\" \/>\n\t<meta property=\"og:image:type\" content=\"image\/jpeg\" \/>\n<meta name=\"author\" content=\"Outi Tarkka\" \/>\n<meta name=\"twitter:card\" content=\"summary_large_image\" \/>\n<meta name=\"twitter:creator\" content=\"@SenaattiK\" \/>\n<meta name=\"twitter:site\" content=\"@SenaattiK\" \/>\n<meta name=\"twitter:label1\" content=\"Skriven av\" \/>\n\t<meta name=\"twitter:data1\" content=\"Outi Tarkka\" \/>\n\t<meta name=\"twitter:label2\" content=\"Ber\u00e4knad l\u00e4stid\" \/>\n\t<meta name=\"twitter:data2\" content=\"2 minuter\" \/>\n<script type=\"application\/ld+json\" class=\"yoast-schema-graph\">{\"@context\":\"https:\/\/schema.org\",\"@graph\":[{\"@type\":\"Article\",\"@id\":\"https:\/\/testi-e2c55b704894.senaatti.fi\/sv\/aktuellt\/nyheter\/senatkoncernen-fick-pris-for-atagande-om-hallbar-utveckling\/#article\",\"isPartOf\":{\"@id\":\"https:\/\/testi-e2c55b704894.senaatti.fi\/sv\/aktuellt\/nyheter\/senatkoncernen-fick-pris-for-atagande-om-hallbar-utveckling\/\"},\"author\":{\"name\":\"Outi Tarkka\",\"@id\":\"https:\/\/www.senaatti.fi\/#\/schema\/person\/ab3009599d8ed38f61798a6f175833aa\"},\"headline\":\"Senatkoncernen fick pris f\u00f6r \u00e5tagande om h\u00e5llbar utveckling\",\"datePublished\":\"2023-10-05T12:45:15+00:00\",\"dateModified\":\"2024-05-13T06:45:48+00:00\",\"mainEntityOfPage\":{\"@id\":\"https:\/\/testi-e2c55b704894.senaatti.fi\/sv\/aktuellt\/nyheter\/senatkoncernen-fick-pris-for-atagande-om-hallbar-utveckling\/\"},\"wordCount\":319,\"commentCount\":0,\"publisher\":{\"@id\":\"https:\/\/www.senaatti.fi\/#organization\"},\"image\":{\"@id\":\"https:\/\/testi-e2c55b704894.senaatti.fi\/sv\/aktuellt\/nyheter\/senatkoncernen-fick-pris-for-atagande-om-hallbar-utveckling\/#primaryimage\"},\"thumbnailUrl\":\"https:\/\/testi-e2c55b704894.senaatti.fi\/app\/uploads\/2023\/10\/Palkinto_kestavakehitys-scaled.jpg\",\"articleSection\":[\"Nyhet\"],\"inLanguage\":\"sv-SE\"},{\"@type\":\"WebPage\",\"@id\":\"https:\/\/testi-e2c55b704894.senaatti.fi\/sv\/aktuellt\/nyheter\/senatkoncernen-fick-pris-for-atagande-om-hallbar-utveckling\/\",\"url\":\"https:\/\/testi-e2c55b704894.senaatti.fi\/sv\/aktuellt\/nyheter\/senatkoncernen-fick-pris-for-atagande-om-hallbar-utveckling\/\",\"name\":\"Senatkoncernen fick pris f\u00f6r \u00e5tagande om h\u00e5llbar utveckling - Senaatti\",\"isPartOf\":{\"@id\":\"https:\/\/www.senaatti.fi\/#website\"},\"primaryImageOfPage\":{\"@id\":\"https:\/\/testi-e2c55b704894.senaatti.fi\/sv\/aktuellt\/nyheter\/senatkoncernen-fick-pris-for-atagande-om-hallbar-utveckling\/#primaryimage\"},\"image\":{\"@id\":\"https:\/\/testi-e2c55b704894.senaatti.fi\/sv\/aktuellt\/nyheter\/senatkoncernen-fick-pris-for-atagande-om-hallbar-utveckling\/#primaryimage\"},\"thumbnailUrl\":\"https:\/\/testi-e2c55b704894.senaatti.fi\/app\/uploads\/2023\/10\/Palkinto_kestavakehitys-scaled.jpg\",\"datePublished\":\"2023-10-05T12:45:15+00:00\",\"dateModified\":\"2024-05-13T06:45:48+00:00\",\"description\":\"Sekretariatet f\u00f6r kommissionen f\u00f6r h\u00e5llbar utveckling, milj\u00f6ministeriet, jord- och skogsbruksministeriet och statens n\u00e4ringsdelegation bel\u00f6nade de b\u00e4sta\",\"breadcrumb\":{\"@id\":\"https:\/\/testi-e2c55b704894.senaatti.fi\/sv\/aktuellt\/nyheter\/senatkoncernen-fick-pris-for-atagande-om-hallbar-utveckling\/#breadcrumb\"},\"inLanguage\":\"sv-SE\",\"potentialAction\":[{\"@type\":\"ReadAction\",\"target\":[\"https:\/\/testi-e2c55b704894.senaatti.fi\/sv\/aktuellt\/nyheter\/senatkoncernen-fick-pris-for-atagande-om-hallbar-utveckling\/\"]}]},{\"@type\":\"ImageObject\",\"inLanguage\":\"sv-SE\",\"@id\":\"https:\/\/testi-e2c55b704894.senaatti.fi\/sv\/aktuellt\/nyheter\/senatkoncernen-fick-pris-for-atagande-om-hallbar-utveckling\/#primaryimage\",\"url\":\"https:\/\/testi-e2c55b704894.senaatti.fi\/app\/uploads\/2023\/10\/Palkinto_kestavakehitys-scaled.jpg\",\"contentUrl\":\"https:\/\/testi-e2c55b704894.senaatti.fi\/app\/uploads\/2023\/10\/Palkinto_kestavakehitys-scaled.jpg\",\"width\":2560,\"height\":1588},{\"@type\":\"BreadcrumbList\",\"@id\":\"https:\/\/testi-e2c55b704894.senaatti.fi\/sv\/aktuellt\/nyheter\/senatkoncernen-fick-pris-for-atagande-om-hallbar-utveckling\/#breadcrumb\",\"itemListElement\":[{\"@type\":\"ListItem\",\"position\":1,\"name\":\"Hem\",\"item\":\"https:\/\/www.senaatti.fi\/sv\/\"},{\"@type\":\"ListItem\",\"position\":2,\"name\":\"Senatkoncernen fick pris f\u00f6r \u00e5tagande om h\u00e5llbar utveckling\"}]},{\"@type\":\"WebSite\",\"@id\":\"https:\/\/www.senaatti.fi\/#website\",\"url\":\"https:\/\/www.senaatti.fi\/\",\"name\":\"Senaatti\",\"description\":\"Just another WordPress site\",\"publisher\":{\"@id\":\"https:\/\/www.senaatti.fi\/#organization\"},\"potentialAction\":[{\"@type\":\"SearchAction\",\"target\":{\"@type\":\"EntryPoint\",\"urlTemplate\":\"https:\/\/www.senaatti.fi\/?s={search_term_string}\"},\"query-input\":{\"@type\":\"PropertyValueSpecification\",\"valueRequired\":true,\"valueName\":\"search_term_string\"}}],\"inLanguage\":\"sv-SE\"},{\"@type\":\"Organization\",\"@id\":\"https:\/\/www.senaatti.fi\/#organization\",\"name\":\"Senaatti-kiinteist\u00f6t\",\"url\":\"https:\/\/www.senaatti.fi\/\",\"logo\":{\"@type\":\"ImageObject\",\"inLanguage\":\"sv-SE\",\"@id\":\"https:\/\/www.senaatti.fi\/#\/schema\/logo\/image\/\",\"url\":\"https:\/\/testi-e2c55b704894.senaatti.fi\/app\/uploads\/2021\/01\/Senaatti_FB_profiili_1200x630.png\",\"contentUrl\":\"https:\/\/testi-e2c55b704894.senaatti.fi\/app\/uploads\/2021\/01\/Senaatti_FB_profiili_1200x630.png\",\"width\":1201,\"height\":631,\"caption\":\"Senaatti-kiinteist\u00f6t\"},\"image\":{\"@id\":\"https:\/\/www.senaatti.fi\/#\/schema\/logo\/image\/\"},\"sameAs\":[\"https:\/\/www.facebook.com\/SenaattiKiinteistot\/\",\"https:\/\/x.com\/SenaattiK\",\"https:\/\/www.linkedin.com\/company\/senate-properties\",\"https:\/\/www.youtube.com\/channel\/UCunSUhMjKd5KqASPgBrndkQ\"]},{\"@type\":\"Person\",\"@id\":\"https:\/\/www.senaatti.fi\/#\/schema\/person\/ab3009599d8ed38f61798a6f175833aa\",\"name\":\"Outi Tarkka\",\"image\":{\"@type\":\"ImageObject\",\"inLanguage\":\"sv-SE\",\"@id\":\"https:\/\/www.senaatti.fi\/#\/schema\/person\/image\/\",\"url\":\"https:\/\/secure.gravatar.com\/avatar\/5d6e36a365283bd877e3b1630ff91e3c?s=96&d=mm&r=g\",\"contentUrl\":\"https:\/\/secure.gravatar.com\/avatar\/5d6e36a365283bd877e3b1630ff91e3c?s=96&d=mm&r=g\",\"caption\":\"Outi Tarkka\"}}]}<\/script>\n<!-- \/ Yoast SEO plugin. -->","yoast_head_json":{"title":"Senatkoncernen fick pris f\u00f6r \u00e5tagande om h\u00e5llbar utveckling - Senaatti","description":"Sekretariatet f\u00f6r kommissionen f\u00f6r h\u00e5llbar utveckling, milj\u00f6ministeriet, jord- och skogsbruksministeriet och statens n\u00e4ringsdelegation bel\u00f6nade de b\u00e4sta","robots":{"index":"noindex","follow":"follow","max-snippet":"max-snippet:-1","max-image-preview":"max-image-preview:large","max-video-preview":"max-video-preview:-1"},"og_locale":"sv_SE","og_type":"article","og_title":"Senatkoncernen fick pris f\u00f6r \u00e5tagande om h\u00e5llbar utveckling - Senaatti","og_description":"Sekretariatet f\u00f6r kommissionen f\u00f6r h\u00e5llbar utveckling, milj\u00f6ministeriet, jord- och skogsbruksministeriet och statens n\u00e4ringsdelegation bel\u00f6nade de b\u00e4sta","og_url":"https:\/\/testi-e2c55b704894.senaatti.fi\/sv\/aktuellt\/nyheter\/senatkoncernen-fick-pris-for-atagande-om-hallbar-utveckling\/","og_site_name":"Senaatti","article_publisher":"https:\/\/www.facebook.com\/SenaattiKiinteistot\/","article_published_time":"2023-10-05T12:45:15+00:00","article_modified_time":"2024-05-13T06:45:48+00:00","og_image":[{"width":1024,"height":635,"url":"https:\/\/www.senaatti.fi\/app\/uploads\/2023\/10\/Palkinto_kestavakehitys-1024x635.jpg","type":"image\/jpeg"}],"author":"Outi Tarkka","twitter_card":"summary_large_image","twitter_creator":"@SenaattiK","twitter_site":"@SenaattiK","twitter_misc":{"Skriven av":"Outi Tarkka","Ber\u00e4knad l\u00e4stid":"2 minuter"},"schema":{"@context":"https:\/\/schema.org","@graph":[{"@type":"Article","@id":"https:\/\/testi-e2c55b704894.senaatti.fi\/sv\/aktuellt\/nyheter\/senatkoncernen-fick-pris-for-atagande-om-hallbar-utveckling\/#article","isPartOf":{"@id":"https:\/\/testi-e2c55b704894.senaatti.fi\/sv\/aktuellt\/nyheter\/senatkoncernen-fick-pris-for-atagande-om-hallbar-utveckling\/"},"author":{"name":"Outi Tarkka","@id":"https:\/\/www.senaatti.fi\/#\/schema\/person\/ab3009599d8ed38f61798a6f175833aa"},"headline":"Senatkoncernen fick pris f\u00f6r \u00e5tagande om h\u00e5llbar utveckling","datePublished":"2023-10-05T12:45:15+00:00","dateModified":"2024-05-13T06:45:48+00:00","mainEntityOfPage":{"@id":"https:\/\/testi-e2c55b704894.senaatti.fi\/sv\/aktuellt\/nyheter\/senatkoncernen-fick-pris-for-atagande-om-hallbar-utveckling\/"},"wordCount":319,"commentCount":0,"publisher":{"@id":"https:\/\/www.senaatti.fi\/#organization"},"image":{"@id":"https:\/\/testi-e2c55b704894.senaatti.fi\/sv\/aktuellt\/nyheter\/senatkoncernen-fick-pris-for-atagande-om-hallbar-utveckling\/#primaryimage"},"thumbnailUrl":"https:\/\/testi-e2c55b704894.senaatti.fi\/app\/uploads\/2023\/10\/Palkinto_kestavakehitys-scaled.jpg","articleSection":["Nyhet"],"inLanguage":"sv-SE"},{"@type":"WebPage","@id":"https:\/\/testi-e2c55b704894.senaatti.fi\/sv\/aktuellt\/nyheter\/senatkoncernen-fick-pris-for-atagande-om-hallbar-utveckling\/","url":"https:\/\/testi-e2c55b704894.senaatti.fi\/sv\/aktuellt\/nyheter\/senatkoncernen-fick-pris-for-atagande-om-hallbar-utveckling\/","name":"Senatkoncernen fick pris f\u00f6r \u00e5tagande om h\u00e5llbar utveckling - Senaatti","isPartOf":{"@id":"https:\/\/www.senaatti.fi\/#website"},"primaryImageOfPage":{"@id":"https:\/\/testi-e2c55b704894.senaatti.fi\/sv\/aktuellt\/nyheter\/senatkoncernen-fick-pris-for-atagande-om-hallbar-utveckling\/#primaryimage"},"image":{"@id":"https:\/\/testi-e2c55b704894.senaatti.fi\/sv\/aktuellt\/nyheter\/senatkoncernen-fick-pris-for-atagande-om-hallbar-utveckling\/#primaryimage"},"thumbnailUrl":"https:\/\/testi-e2c55b704894.senaatti.fi\/app\/uploads\/2023\/10\/Palkinto_kestavakehitys-scaled.jpg","datePublished":"2023-10-05T12:45:15+00:00","dateModified":"2024-05-13T06:45:48+00:00","description":"Sekretariatet f\u00f6r kommissionen f\u00f6r h\u00e5llbar utveckling, milj\u00f6ministeriet, jord- och skogsbruksministeriet och statens n\u00e4ringsdelegation bel\u00f6nade de b\u00e4sta","breadcrumb":{"@id":"https:\/\/testi-e2c55b704894.senaatti.fi\/sv\/aktuellt\/nyheter\/senatkoncernen-fick-pris-for-atagande-om-hallbar-utveckling\/#breadcrumb"},"inLanguage":"sv-SE","potentialAction":[{"@type":"ReadAction","target":["https:\/\/testi-e2c55b704894.senaatti.fi\/sv\/aktuellt\/nyheter\/senatkoncernen-fick-pris-for-atagande-om-hallbar-utveckling\/"]}]},{"@type":"ImageObject","inLanguage":"sv-SE","@id":"https:\/\/testi-e2c55b704894.senaatti.fi\/sv\/aktuellt\/nyheter\/senatkoncernen-fick-pris-for-atagande-om-hallbar-utveckling\/#primaryimage","url":"https:\/\/testi-e2c55b704894.senaatti.fi\/app\/uploads\/2023\/10\/Palkinto_kestavakehitys-scaled.jpg","contentUrl":"https:\/\/testi-e2c55b704894.senaatti.fi\/app\/uploads\/2023\/10\/Palkinto_kestavakehitys-scaled.jpg","width":2560,"height":1588},{"@type":"BreadcrumbList","@id":"https:\/\/testi-e2c55b704894.senaatti.fi\/sv\/aktuellt\/nyheter\/senatkoncernen-fick-pris-for-atagande-om-hallbar-utveckling\/#breadcrumb","itemListElement":[{"@type":"ListItem","position":1,"name":"Hem","item":"https:\/\/www.senaatti.fi\/sv\/"},{"@type":"ListItem","position":2,"name":"Senatkoncernen fick pris f\u00f6r \u00e5tagande om h\u00e5llbar utveckling"}]},{"@type":"WebSite","@id":"https:\/\/www.senaatti.fi\/#website","url":"https:\/\/www.senaatti.fi\/","name":"Senaatti","description":"Just another WordPress site","publisher":{"@id":"https:\/\/www.senaatti.fi\/#organization"},"potentialAction":[{"@type":"SearchAction","target":{"@type":"EntryPoint","urlTemplate":"https:\/\/www.senaatti.fi\/?s={search_term_string}"},"query-input":{"@type":"PropertyValueSpecification","valueRequired":true,"valueName":"search_term_string"}}],"inLanguage":"sv-SE"},{"@type":"Organization","@id":"https:\/\/www.senaatti.fi\/#organization","name":"Senaatti-kiinteist\u00f6t","url":"https:\/\/www.senaatti.fi\/","logo":{"@type":"ImageObject","inLanguage":"sv-SE","@id":"https:\/\/www.senaatti.fi\/#\/schema\/logo\/image\/","url":"https:\/\/testi-e2c55b704894.senaatti.fi\/app\/uploads\/2021\/01\/Senaatti_FB_profiili_1200x630.png","contentUrl":"https:\/\/testi-e2c55b704894.senaatti.fi\/app\/uploads\/2021\/01\/Senaatti_FB_profiili_1200x630.png","width":1201,"height":631,"caption":"Senaatti-kiinteist\u00f6t"},"image":{"@id":"https:\/\/www.senaatti.fi\/#\/schema\/logo\/image\/"},"sameAs":["https:\/\/www.facebook.com\/SenaattiKiinteistot\/","https:\/\/x.com\/SenaattiK","https:\/\/www.linkedin.com\/company\/senate-properties","https:\/\/www.youtube.com\/channel\/UCunSUhMjKd5KqASPgBrndkQ"]},{"@type":"Person","@id":"https:\/\/www.senaatti.fi\/#\/schema\/person\/ab3009599d8ed38f61798a6f175833aa","name":"Outi Tarkka","image":{"@type":"ImageObject","inLanguage":"sv-SE","@id":"https:\/\/www.senaatti.fi\/#\/schema\/person\/image\/","url":"https:\/\/secure.gravatar.com\/avatar\/5d6e36a365283bd877e3b1630ff91e3c?s=96&d=mm&r=g","contentUrl":"https:\/\/secure.gravatar.com\/avatar\/5d6e36a365283bd877e3b1630ff91e3c?s=96&d=mm&r=g","caption":"Outi Tarkka"}}]}},"publishpress_future_action":{"enabled":false,"date":"2026-05-08 13:41:57","action":"change-status","newStatus":"draft","terms":[],"taxonomy":"category"},"_links":{"self":[{"href":"https:\/\/testi-e2c55b704894.senaatti.fi\/sv\/wp-json\/wp\/v2\/posts\/71861","targetHints":{"allow":["GET"]}}],"collection":[{"href":"https:\/\/testi-e2c55b704894.senaatti.fi\/sv\/wp-json\/wp\/v2\/posts"}],"about":[{"href":"https:\/\/testi-e2c55b704894.senaatti.fi\/sv\/wp-json\/wp\/v2\/types\/post"}],"author":[{"embeddable":true,"href":"https:\/\/testi-e2c55b704894.senaatti.fi\/sv\/wp-json\/wp\/v2\/users\/12"}],"replies":[{"embeddable":true,"href":"https:\/\/testi-e2c55b704894.senaatti.fi\/sv\/wp-json\/wp\/v2\/comments?post=71861"}],"version-history":[{"count":2,"href":"https:\/\/testi-e2c55b704894.senaatti.fi\/sv\/wp-json\/wp\/v2\/posts\/71861\/revisions"}],"predecessor-version":[{"id":71863,"href":"https:\/\/testi-e2c55b704894.senaatti.fi\/sv\/wp-json\/wp\/v2\/posts\/71861\/revisions\/71863"}],"wp:featuredmedia":[{"embeddable":true,"href":"https:\/\/testi-e2c55b704894.senaatti.fi\/sv\/wp-json\/wp\/v2\/media\/67393"}],"wp:attachment":[{"href":"https:\/\/testi-e2c55b704894.senaatti.fi\/sv\/wp-json\/wp\/v2\/media?parent=71861"}],"curies":[{"name":"wp","href":"https:\/\/api.w.org\/{rel}","templated":true}]}}