{"id":71877,"date":"2023-12-13T11:40:53","date_gmt":"2023-12-13T09:40:53","guid":{"rendered":"https:\/\/testi-e2c55b704894.senaatti.fi\/2023\/12\/13\/energiansaastoohjelma-valtion-tiloissa-ylitti-odotukset-suurin-pudottaja-loytyi-pasilasta\/"},"modified":"2024-05-13T09:45:09","modified_gmt":"2024-05-13T06:45:09","slug":"energisparprogrammet-i-statens-lokaler-overskred-forvantningarna-basta-spararen-finns-i-bole","status":"publish","type":"post","link":"https:\/\/testi-e2c55b704894.senaatti.fi\/sv\/aktuellt\/nyheter\/energisparprogrammet-i-statens-lokaler-overskred-forvantningarna-basta-spararen-finns-i-bole\/","title":{"rendered":"Energisparprogrammet i statens lokaler \u00f6verskred f\u00f6rv\u00e4ntningarna \u2013 b\u00e4sta spararen finns i B\u00f6le"},"content":{"rendered":"<p><strong>Senatkoncernens energisparprogram i statens lokaler \u00f6verskred de uppst\u00e4llda m\u00e5len och inbesparingarna var till och med st\u00f6rre \u00e4n v\u00e4ntat. Tillsammans har statens \u00e4mbetsverk och inr\u00e4ttningar sparat cirka 78 000 MWh energi, vilket motsvarar \u00e5rsf\u00f6rbrukningen i cirka 10 000 tv\u00e5rummare i v\u00e5ningshus och i euro upp till 10 miljoner euro.<\/strong><\/p>\n<p>I oktober 2022 inledde Senatkoncernen ett energisparprogram i en situation d\u00e4r det fanns ett hot om att energin inte r\u00e4cker till och energikostnaderna hade stigit kraftigt. Energispar\u00e5tg\u00e4rder genomf\u00f6rdes med ett snabbt tidschema i cirka tusen statliga byggnader. St\u00f6rsta delen av besparingarna gjordes genom justeringar inom hustekniken och inomhustemperaturen. Vid genomf\u00f6randet av justeringarna beaktades objektens s\u00e4rdrag.<\/p>\n<p>Utifr\u00e5n de ber\u00e4kningar som gjordes innan programmet inleddes uppskattades det att det skulle vara m\u00f6jligt att spara cirka 50 000 MWh \u2013 75 000 MWh energi. Fram till utg\u00e5ngen av oktober 2023 hade det sparats cirka 78 000 megawattimmar (MWh), dvs. 78 000 000 kilowattimmar (kWh). Programmet p\u00e5g\u00e5r till slutet av \u00e5ret.<\/p>\n<h2>Statens st\u00f6rsta byggnad var den st\u00f6rsta spararen<\/h2>\n<p>Mest energi sparades vid \u00e4mbetshuset i B\u00f6le, som \u00e4r statens st\u00f6rsta byggnad. Genom olika justerings\u00e5tg\u00e4rder sparades 2 400 000 kWh energi i den stora byggnaden, vilket motsvarar en \u00e5rsf\u00f6rbrukning i ca 300 tv\u00e5rummare i ett v\u00e5ningshus. Stora inbesparingar gjordes ocks\u00e5 i flera andra \u00e4mbetshus, bl.a. i \u00c5bo och Jyv\u00e4skyl\u00e4.<\/p>\n<p>Betydande f\u00f6r\u00e4ndringar i energif\u00f6rbrukningen uppn\u00e5ddes vid flera olika typer av fastigheter. Till exempel i Valteri-skolan Onerva i Jyv\u00e4skyl\u00e4 minskade byggnadens energianv\u00e4ndning med 20 procent, n\u00e4r hela personalen och eleverna deltog genom att komma med id\u00e9er och delta i planeringen av \u00e5tg\u00e4rderna.<\/p>\n<p>F\u00f6rsvarsfastigheter, som ansvarar f\u00f6r f\u00f6rsvarsf\u00f6rvaltningens lokaler, vidtog \u00e5tg\u00e4rder f\u00f6r att reglera energif\u00f6rbrukningen vid de av F\u00f6rsvarsmaktens fastigheter d\u00e4r det var m\u00f6jligt med beaktande av kundens verksamhet. Energi sparades s\u00e4rskilt mycket bland annat i garnisonsomr\u00e5dena i Niinisalo, Obbn\u00e4s och S\u00e4kyl\u00e4.<\/p>\n<p>\u201dMan kan s\u00e4ga att b\u00e5de s\u00e4kerhetssituationen och f\u00f6r\u00e4ndringarna i arbetss\u00e4tten syns i energianv\u00e4ndningen. Lokalerna hos s\u00e4kerhetssektorns akt\u00f6rer anv\u00e4nds ocks\u00e5 normalt dygnet runt och under det g\u00e5ngna \u00e5ret har anv\u00e4ndningen av lokalerna \u00f6kat p\u00e5 m\u00e5nga st\u00e4llen. I dessa lokaler kan energianv\u00e4ndningen till och med ha \u00f6kat, trots att effektiviserings\u00e5tg\u00e4rder har vidtagits. D\u00e4remot \u00e4r anv\u00e4ndningsgraden i kontorslokaler l\u00e5g, vilket har m\u00f6jliggjort en effektivare energianv\u00e4ndning. I de stora \u00e4mbetshusen har det ocks\u00e5 varit m\u00f6jligt att g\u00f6ra stora besparingar\u201d, s\u00e4ger <strong>Sanna J\u00e4\u00e4skel\u00e4inen<\/strong>, som leder energisparprogrammet.<\/p>\n<p>Som en del av Senatkoncernens energisparprogram har man utvecklat och inf\u00f6rt nya verksamhetsmodeller och ny teknik f\u00f6r efterfr\u00e5geflexibilitet, i stor utstr\u00e4ckning s\u00f6kt nya id\u00e9er som f\u00f6rb\u00e4ttrar energieffektiviteten och pilottestat Senatkoncernens egen energibesiktningsmodell, genom vilken m\u00e5let \u00e4r att f\u00f6rb\u00e4ttra byggnaders energieffektivitet ocks\u00e5 p\u00e5 l\u00e4ngre sikt. Energisparprogrammet forts\u00e4tter till utg\u00e5ngen av \u00e5ret, varefter verksamheten forts\u00e4tter som en del av de normala processerna f\u00f6r underh\u00e5ll och utveckling av fastigheter.<\/p>\n<p>Senatkoncernen best\u00e5r av moderaff\u00e4rsverket Senatfastigheter och dotteraff\u00e4rsverket F\u00f6rsvarsfastigheter, som ansvarar f\u00f6r f\u00f6rsvarsf\u00f6rvaltningens lokaler.<\/p>\n<p>Koncernen ansvarar f\u00f6r sammanlagt n\u00e4stan 9\u00a0000 statliga byggnader. Byggnadernas areal \u00e4r cirka 6 miljoner kvadratmeter, varav f\u00f6rsvarsf\u00f6rvaltningens fastigheter som f\u00f6rvaltas av F\u00f6rsvarsfastigheter utg\u00f6r cirka 3 miljoner kvadratmeter. Koncernens energikostnader uppg\u00e5r till cirka 100 miljoner euro och utg\u00f6r cirka en femtedel av alla kostnader.<\/p>\n<p>Energisparprogrammet kan laddas ner fr\u00e5n n\u00e4tet: <a href=\"https:\/\/testi-e2c55b704894.senaatti.fi\/sv\/energisparprogram\/\">https:\/\/testi-e2c55b704894.senaatti.fi\/sv\/energisparprogram\/<\/a><\/p>\n","protected":false},"excerpt":{"rendered":"<p>Senatkoncernens energisparprogram i statens lokaler \u00f6verskred de uppst\u00e4llda m\u00e5len och inbesparingarna var till och med st\u00f6rre \u00e4n v\u00e4ntat. Tillsammans har statens \u00e4mbetsverk och inr\u00e4ttningar sparat cirka 78 000 MWh energi, vilket motsvarar \u00e5rsf\u00f6rbrukningen i cirka 10 000 tv\u00e5rummare i v\u00e5ningshus och i euro upp till 10 miljoner euro. I oktober 2022 inledde Senatkoncernen ett energisparprogram [&hellip;]<\/p>\n","protected":false},"author":16,"featured_media":28130,"comment_status":"open","ping_status":"open","sticky":false,"template":"","format":"standard","meta":{"_acf_changed":false,"footnotes":""},"class_list":["post-71877","post","type-post","status-publish","format-standard","has-post-thumbnail","hentry","senaatti_category-energisparprogram","senaatti_category-forsvarsfastigheter","senaatti_type-meddelande"],"acf":[],"yoast_head":"<!-- This site is optimized with the Yoast SEO plugin v23.9 - https:\/\/yoast.com\/wordpress\/plugins\/seo\/ -->\n<title>Energisparprogrammet i statens lokaler \u00f6verskred f\u00f6rv\u00e4ntningarna \u2013 b\u00e4sta spararen finns i B\u00f6le - Senaatti<\/title>\n<meta name=\"description\" content=\"Senatkoncernens energisparprogram i statens lokaler \u00f6verskred de uppst\u00e4llda m\u00e5len och inbesparingarna var till och med st\u00f6rre \u00e4n v\u00e4ntat. Tillsammans har\" \/>\n<meta name=\"robots\" content=\"noindex, follow, max-snippet:-1, max-image-preview:large, max-video-preview:-1\" \/>\n<meta property=\"og:locale\" content=\"sv_SE\" \/>\n<meta property=\"og:type\" content=\"article\" \/>\n<meta property=\"og:title\" content=\"Energisparprogrammet i statens lokaler \u00f6verskred f\u00f6rv\u00e4ntningarna \u2013 b\u00e4sta spararen finns i B\u00f6le - Senaatti\" \/>\n<meta property=\"og:description\" content=\"Senatkoncernens energisparprogram i statens lokaler \u00f6verskred de uppst\u00e4llda m\u00e5len och inbesparingarna var till och med st\u00f6rre \u00e4n v\u00e4ntat. Tillsammans har\" \/>\n<meta property=\"og:url\" content=\"https:\/\/testi-e2c55b704894.senaatti.fi\/sv\/aktuellt\/nyheter\/energisparprogrammet-i-statens-lokaler-overskred-forvantningarna-basta-spararen-finns-i-bole\/\" \/>\n<meta property=\"og:site_name\" content=\"Senaatti\" \/>\n<meta property=\"article:publisher\" content=\"https:\/\/www.facebook.com\/SenaattiKiinteistot\/\" \/>\n<meta property=\"article:published_time\" content=\"2023-12-13T09:40:53+00:00\" \/>\n<meta property=\"article:modified_time\" content=\"2024-05-13T06:45:09+00:00\" \/>\n<meta property=\"og:image\" content=\"https:\/\/www.senaatti.fi\/app\/uploads\/2018\/02\/HKI-PasilanVirastokeskus-01-1024x700.jpg\" \/>\n\t<meta property=\"og:image:width\" content=\"1024\" \/>\n\t<meta property=\"og:image:height\" content=\"700\" \/>\n\t<meta property=\"og:image:type\" content=\"image\/jpeg\" \/>\n<meta name=\"author\" content=\"Andreas Ylijarvi\" \/>\n<meta name=\"twitter:card\" content=\"summary_large_image\" \/>\n<meta name=\"twitter:creator\" content=\"@SenaattiK\" \/>\n<meta name=\"twitter:site\" content=\"@SenaattiK\" \/>\n<meta name=\"twitter:label1\" content=\"Skriven av\" \/>\n\t<meta name=\"twitter:data1\" content=\"Andreas Ylijarvi\" \/>\n\t<meta name=\"twitter:label2\" content=\"Ber\u00e4knad l\u00e4stid\" \/>\n\t<meta name=\"twitter:data2\" content=\"4 minuter\" \/>\n<script type=\"application\/ld+json\" class=\"yoast-schema-graph\">{\"@context\":\"https:\/\/schema.org\",\"@graph\":[{\"@type\":\"Article\",\"@id\":\"https:\/\/testi-e2c55b704894.senaatti.fi\/sv\/aktuellt\/nyheter\/energisparprogrammet-i-statens-lokaler-overskred-forvantningarna-basta-spararen-finns-i-bole\/#article\",\"isPartOf\":{\"@id\":\"https:\/\/testi-e2c55b704894.senaatti.fi\/sv\/aktuellt\/nyheter\/energisparprogrammet-i-statens-lokaler-overskred-forvantningarna-basta-spararen-finns-i-bole\/\"},\"author\":{\"name\":\"Andreas Ylijarvi\",\"@id\":\"https:\/\/www.senaatti.fi\/#\/schema\/person\/80de6083a34c1dad19140c28086a0ceb\"},\"headline\":\"Energisparprogrammet i statens lokaler \u00f6verskred f\u00f6rv\u00e4ntningarna \u2013 b\u00e4sta spararen finns i B\u00f6le\",\"datePublished\":\"2023-12-13T09:40:53+00:00\",\"dateModified\":\"2024-05-13T06:45:09+00:00\",\"mainEntityOfPage\":{\"@id\":\"https:\/\/testi-e2c55b704894.senaatti.fi\/sv\/aktuellt\/nyheter\/energisparprogrammet-i-statens-lokaler-overskred-forvantningarna-basta-spararen-finns-i-bole\/\"},\"wordCount\":615,\"commentCount\":0,\"publisher\":{\"@id\":\"https:\/\/www.senaatti.fi\/#organization\"},\"image\":{\"@id\":\"https:\/\/testi-e2c55b704894.senaatti.fi\/sv\/aktuellt\/nyheter\/energisparprogrammet-i-statens-lokaler-overskred-forvantningarna-basta-spararen-finns-i-bole\/#primaryimage\"},\"thumbnailUrl\":\"https:\/\/testi-e2c55b704894.senaatti.fi\/app\/uploads\/2018\/02\/HKI-PasilanVirastokeskus-01.jpg\",\"articleSection\":[\"Nyhet\"],\"inLanguage\":\"sv-SE\"},{\"@type\":\"WebPage\",\"@id\":\"https:\/\/testi-e2c55b704894.senaatti.fi\/sv\/aktuellt\/nyheter\/energisparprogrammet-i-statens-lokaler-overskred-forvantningarna-basta-spararen-finns-i-bole\/\",\"url\":\"https:\/\/testi-e2c55b704894.senaatti.fi\/sv\/aktuellt\/nyheter\/energisparprogrammet-i-statens-lokaler-overskred-forvantningarna-basta-spararen-finns-i-bole\/\",\"name\":\"Energisparprogrammet i statens lokaler \u00f6verskred f\u00f6rv\u00e4ntningarna \u2013 b\u00e4sta spararen finns i B\u00f6le - Senaatti\",\"isPartOf\":{\"@id\":\"https:\/\/www.senaatti.fi\/#website\"},\"primaryImageOfPage\":{\"@id\":\"https:\/\/testi-e2c55b704894.senaatti.fi\/sv\/aktuellt\/nyheter\/energisparprogrammet-i-statens-lokaler-overskred-forvantningarna-basta-spararen-finns-i-bole\/#primaryimage\"},\"image\":{\"@id\":\"https:\/\/testi-e2c55b704894.senaatti.fi\/sv\/aktuellt\/nyheter\/energisparprogrammet-i-statens-lokaler-overskred-forvantningarna-basta-spararen-finns-i-bole\/#primaryimage\"},\"thumbnailUrl\":\"https:\/\/testi-e2c55b704894.senaatti.fi\/app\/uploads\/2018\/02\/HKI-PasilanVirastokeskus-01.jpg\",\"datePublished\":\"2023-12-13T09:40:53+00:00\",\"dateModified\":\"2024-05-13T06:45:09+00:00\",\"description\":\"Senatkoncernens energisparprogram i statens lokaler \u00f6verskred de uppst\u00e4llda m\u00e5len och inbesparingarna var till och med st\u00f6rre \u00e4n v\u00e4ntat. Tillsammans har\",\"breadcrumb\":{\"@id\":\"https:\/\/testi-e2c55b704894.senaatti.fi\/sv\/aktuellt\/nyheter\/energisparprogrammet-i-statens-lokaler-overskred-forvantningarna-basta-spararen-finns-i-bole\/#breadcrumb\"},\"inLanguage\":\"sv-SE\",\"potentialAction\":[{\"@type\":\"ReadAction\",\"target\":[\"https:\/\/testi-e2c55b704894.senaatti.fi\/sv\/aktuellt\/nyheter\/energisparprogrammet-i-statens-lokaler-overskred-forvantningarna-basta-spararen-finns-i-bole\/\"]}]},{\"@type\":\"ImageObject\",\"inLanguage\":\"sv-SE\",\"@id\":\"https:\/\/testi-e2c55b704894.senaatti.fi\/sv\/aktuellt\/nyheter\/energisparprogrammet-i-statens-lokaler-overskred-forvantningarna-basta-spararen-finns-i-bole\/#primaryimage\",\"url\":\"https:\/\/testi-e2c55b704894.senaatti.fi\/app\/uploads\/2018\/02\/HKI-PasilanVirastokeskus-01.jpg\",\"contentUrl\":\"https:\/\/testi-e2c55b704894.senaatti.fi\/app\/uploads\/2018\/02\/HKI-PasilanVirastokeskus-01.jpg\",\"width\":2000,\"height\":1367},{\"@type\":\"BreadcrumbList\",\"@id\":\"https:\/\/testi-e2c55b704894.senaatti.fi\/sv\/aktuellt\/nyheter\/energisparprogrammet-i-statens-lokaler-overskred-forvantningarna-basta-spararen-finns-i-bole\/#breadcrumb\",\"itemListElement\":[{\"@type\":\"ListItem\",\"position\":1,\"name\":\"Hem\",\"item\":\"https:\/\/www.senaatti.fi\/sv\/\"},{\"@type\":\"ListItem\",\"position\":2,\"name\":\"Energisparprogrammet i statens lokaler \u00f6verskred f\u00f6rv\u00e4ntningarna \u2013 b\u00e4sta spararen finns i B\u00f6le\"}]},{\"@type\":\"WebSite\",\"@id\":\"https:\/\/www.senaatti.fi\/#website\",\"url\":\"https:\/\/www.senaatti.fi\/\",\"name\":\"Senaatti\",\"description\":\"Just another WordPress site\",\"publisher\":{\"@id\":\"https:\/\/www.senaatti.fi\/#organization\"},\"potentialAction\":[{\"@type\":\"SearchAction\",\"target\":{\"@type\":\"EntryPoint\",\"urlTemplate\":\"https:\/\/www.senaatti.fi\/?s={search_term_string}\"},\"query-input\":{\"@type\":\"PropertyValueSpecification\",\"valueRequired\":true,\"valueName\":\"search_term_string\"}}],\"inLanguage\":\"sv-SE\"},{\"@type\":\"Organization\",\"@id\":\"https:\/\/www.senaatti.fi\/#organization\",\"name\":\"Senaatti-kiinteist\u00f6t\",\"url\":\"https:\/\/www.senaatti.fi\/\",\"logo\":{\"@type\":\"ImageObject\",\"inLanguage\":\"sv-SE\",\"@id\":\"https:\/\/www.senaatti.fi\/#\/schema\/logo\/image\/\",\"url\":\"https:\/\/testi-e2c55b704894.senaatti.fi\/app\/uploads\/2021\/01\/Senaatti_FB_profiili_1200x630.png\",\"contentUrl\":\"https:\/\/testi-e2c55b704894.senaatti.fi\/app\/uploads\/2021\/01\/Senaatti_FB_profiili_1200x630.png\",\"width\":1201,\"height\":631,\"caption\":\"Senaatti-kiinteist\u00f6t\"},\"image\":{\"@id\":\"https:\/\/www.senaatti.fi\/#\/schema\/logo\/image\/\"},\"sameAs\":[\"https:\/\/www.facebook.com\/SenaattiKiinteistot\/\",\"https:\/\/x.com\/SenaattiK\",\"https:\/\/www.linkedin.com\/company\/senate-properties\",\"https:\/\/www.youtube.com\/channel\/UCunSUhMjKd5KqASPgBrndkQ\"]},{\"@type\":\"Person\",\"@id\":\"https:\/\/www.senaatti.fi\/#\/schema\/person\/80de6083a34c1dad19140c28086a0ceb\",\"name\":\"Andreas Ylijarvi\",\"image\":{\"@type\":\"ImageObject\",\"inLanguage\":\"sv-SE\",\"@id\":\"https:\/\/www.senaatti.fi\/#\/schema\/person\/image\/\",\"url\":\"https:\/\/secure.gravatar.com\/avatar\/393b74c0a25affaabc46f7c6721d9581?s=96&d=mm&r=g\",\"contentUrl\":\"https:\/\/secure.gravatar.com\/avatar\/393b74c0a25affaabc46f7c6721d9581?s=96&d=mm&r=g\",\"caption\":\"Andreas Ylijarvi\"}}]}<\/script>\n<!-- \/ Yoast SEO plugin. -->","yoast_head_json":{"title":"Energisparprogrammet i statens lokaler \u00f6verskred f\u00f6rv\u00e4ntningarna \u2013 b\u00e4sta spararen finns i B\u00f6le - Senaatti","description":"Senatkoncernens energisparprogram i statens lokaler \u00f6verskred de uppst\u00e4llda m\u00e5len och inbesparingarna var till och med st\u00f6rre \u00e4n v\u00e4ntat. Tillsammans har","robots":{"index":"noindex","follow":"follow","max-snippet":"max-snippet:-1","max-image-preview":"max-image-preview:large","max-video-preview":"max-video-preview:-1"},"og_locale":"sv_SE","og_type":"article","og_title":"Energisparprogrammet i statens lokaler \u00f6verskred f\u00f6rv\u00e4ntningarna \u2013 b\u00e4sta spararen finns i B\u00f6le - Senaatti","og_description":"Senatkoncernens energisparprogram i statens lokaler \u00f6verskred de uppst\u00e4llda m\u00e5len och inbesparingarna var till och med st\u00f6rre \u00e4n v\u00e4ntat. Tillsammans har","og_url":"https:\/\/testi-e2c55b704894.senaatti.fi\/sv\/aktuellt\/nyheter\/energisparprogrammet-i-statens-lokaler-overskred-forvantningarna-basta-spararen-finns-i-bole\/","og_site_name":"Senaatti","article_publisher":"https:\/\/www.facebook.com\/SenaattiKiinteistot\/","article_published_time":"2023-12-13T09:40:53+00:00","article_modified_time":"2024-05-13T06:45:09+00:00","og_image":[{"width":1024,"height":700,"url":"https:\/\/www.senaatti.fi\/app\/uploads\/2018\/02\/HKI-PasilanVirastokeskus-01-1024x700.jpg","type":"image\/jpeg"}],"author":"Andreas Ylijarvi","twitter_card":"summary_large_image","twitter_creator":"@SenaattiK","twitter_site":"@SenaattiK","twitter_misc":{"Skriven av":"Andreas Ylijarvi","Ber\u00e4knad l\u00e4stid":"4 minuter"},"schema":{"@context":"https:\/\/schema.org","@graph":[{"@type":"Article","@id":"https:\/\/testi-e2c55b704894.senaatti.fi\/sv\/aktuellt\/nyheter\/energisparprogrammet-i-statens-lokaler-overskred-forvantningarna-basta-spararen-finns-i-bole\/#article","isPartOf":{"@id":"https:\/\/testi-e2c55b704894.senaatti.fi\/sv\/aktuellt\/nyheter\/energisparprogrammet-i-statens-lokaler-overskred-forvantningarna-basta-spararen-finns-i-bole\/"},"author":{"name":"Andreas Ylijarvi","@id":"https:\/\/www.senaatti.fi\/#\/schema\/person\/80de6083a34c1dad19140c28086a0ceb"},"headline":"Energisparprogrammet i statens lokaler \u00f6verskred f\u00f6rv\u00e4ntningarna \u2013 b\u00e4sta spararen finns i B\u00f6le","datePublished":"2023-12-13T09:40:53+00:00","dateModified":"2024-05-13T06:45:09+00:00","mainEntityOfPage":{"@id":"https:\/\/testi-e2c55b704894.senaatti.fi\/sv\/aktuellt\/nyheter\/energisparprogrammet-i-statens-lokaler-overskred-forvantningarna-basta-spararen-finns-i-bole\/"},"wordCount":615,"commentCount":0,"publisher":{"@id":"https:\/\/www.senaatti.fi\/#organization"},"image":{"@id":"https:\/\/testi-e2c55b704894.senaatti.fi\/sv\/aktuellt\/nyheter\/energisparprogrammet-i-statens-lokaler-overskred-forvantningarna-basta-spararen-finns-i-bole\/#primaryimage"},"thumbnailUrl":"https:\/\/testi-e2c55b704894.senaatti.fi\/app\/uploads\/2018\/02\/HKI-PasilanVirastokeskus-01.jpg","articleSection":["Nyhet"],"inLanguage":"sv-SE"},{"@type":"WebPage","@id":"https:\/\/testi-e2c55b704894.senaatti.fi\/sv\/aktuellt\/nyheter\/energisparprogrammet-i-statens-lokaler-overskred-forvantningarna-basta-spararen-finns-i-bole\/","url":"https:\/\/testi-e2c55b704894.senaatti.fi\/sv\/aktuellt\/nyheter\/energisparprogrammet-i-statens-lokaler-overskred-forvantningarna-basta-spararen-finns-i-bole\/","name":"Energisparprogrammet i statens lokaler \u00f6verskred f\u00f6rv\u00e4ntningarna \u2013 b\u00e4sta spararen finns i B\u00f6le - Senaatti","isPartOf":{"@id":"https:\/\/www.senaatti.fi\/#website"},"primaryImageOfPage":{"@id":"https:\/\/testi-e2c55b704894.senaatti.fi\/sv\/aktuellt\/nyheter\/energisparprogrammet-i-statens-lokaler-overskred-forvantningarna-basta-spararen-finns-i-bole\/#primaryimage"},"image":{"@id":"https:\/\/testi-e2c55b704894.senaatti.fi\/sv\/aktuellt\/nyheter\/energisparprogrammet-i-statens-lokaler-overskred-forvantningarna-basta-spararen-finns-i-bole\/#primaryimage"},"thumbnailUrl":"https:\/\/testi-e2c55b704894.senaatti.fi\/app\/uploads\/2018\/02\/HKI-PasilanVirastokeskus-01.jpg","datePublished":"2023-12-13T09:40:53+00:00","dateModified":"2024-05-13T06:45:09+00:00","description":"Senatkoncernens energisparprogram i statens lokaler \u00f6verskred de uppst\u00e4llda m\u00e5len och inbesparingarna var till och med st\u00f6rre \u00e4n v\u00e4ntat. Tillsammans har","breadcrumb":{"@id":"https:\/\/testi-e2c55b704894.senaatti.fi\/sv\/aktuellt\/nyheter\/energisparprogrammet-i-statens-lokaler-overskred-forvantningarna-basta-spararen-finns-i-bole\/#breadcrumb"},"inLanguage":"sv-SE","potentialAction":[{"@type":"ReadAction","target":["https:\/\/testi-e2c55b704894.senaatti.fi\/sv\/aktuellt\/nyheter\/energisparprogrammet-i-statens-lokaler-overskred-forvantningarna-basta-spararen-finns-i-bole\/"]}]},{"@type":"ImageObject","inLanguage":"sv-SE","@id":"https:\/\/testi-e2c55b704894.senaatti.fi\/sv\/aktuellt\/nyheter\/energisparprogrammet-i-statens-lokaler-overskred-forvantningarna-basta-spararen-finns-i-bole\/#primaryimage","url":"https:\/\/testi-e2c55b704894.senaatti.fi\/app\/uploads\/2018\/02\/HKI-PasilanVirastokeskus-01.jpg","contentUrl":"https:\/\/testi-e2c55b704894.senaatti.fi\/app\/uploads\/2018\/02\/HKI-PasilanVirastokeskus-01.jpg","width":2000,"height":1367},{"@type":"BreadcrumbList","@id":"https:\/\/testi-e2c55b704894.senaatti.fi\/sv\/aktuellt\/nyheter\/energisparprogrammet-i-statens-lokaler-overskred-forvantningarna-basta-spararen-finns-i-bole\/#breadcrumb","itemListElement":[{"@type":"ListItem","position":1,"name":"Hem","item":"https:\/\/www.senaatti.fi\/sv\/"},{"@type":"ListItem","position":2,"name":"Energisparprogrammet i statens lokaler \u00f6verskred f\u00f6rv\u00e4ntningarna \u2013 b\u00e4sta spararen finns i B\u00f6le"}]},{"@type":"WebSite","@id":"https:\/\/www.senaatti.fi\/#website","url":"https:\/\/www.senaatti.fi\/","name":"Senaatti","description":"Just another WordPress site","publisher":{"@id":"https:\/\/www.senaatti.fi\/#organization"},"potentialAction":[{"@type":"SearchAction","target":{"@type":"EntryPoint","urlTemplate":"https:\/\/www.senaatti.fi\/?s={search_term_string}"},"query-input":{"@type":"PropertyValueSpecification","valueRequired":true,"valueName":"search_term_string"}}],"inLanguage":"sv-SE"},{"@type":"Organization","@id":"https:\/\/www.senaatti.fi\/#organization","name":"Senaatti-kiinteist\u00f6t","url":"https:\/\/www.senaatti.fi\/","logo":{"@type":"ImageObject","inLanguage":"sv-SE","@id":"https:\/\/www.senaatti.fi\/#\/schema\/logo\/image\/","url":"https:\/\/testi-e2c55b704894.senaatti.fi\/app\/uploads\/2021\/01\/Senaatti_FB_profiili_1200x630.png","contentUrl":"https:\/\/testi-e2c55b704894.senaatti.fi\/app\/uploads\/2021\/01\/Senaatti_FB_profiili_1200x630.png","width":1201,"height":631,"caption":"Senaatti-kiinteist\u00f6t"},"image":{"@id":"https:\/\/www.senaatti.fi\/#\/schema\/logo\/image\/"},"sameAs":["https:\/\/www.facebook.com\/SenaattiKiinteistot\/","https:\/\/x.com\/SenaattiK","https:\/\/www.linkedin.com\/company\/senate-properties","https:\/\/www.youtube.com\/channel\/UCunSUhMjKd5KqASPgBrndkQ"]},{"@type":"Person","@id":"https:\/\/www.senaatti.fi\/#\/schema\/person\/80de6083a34c1dad19140c28086a0ceb","name":"Andreas Ylijarvi","image":{"@type":"ImageObject","inLanguage":"sv-SE","@id":"https:\/\/www.senaatti.fi\/#\/schema\/person\/image\/","url":"https:\/\/secure.gravatar.com\/avatar\/393b74c0a25affaabc46f7c6721d9581?s=96&d=mm&r=g","contentUrl":"https:\/\/secure.gravatar.com\/avatar\/393b74c0a25affaabc46f7c6721d9581?s=96&d=mm&r=g","caption":"Andreas Ylijarvi"}}]}},"publishpress_future_action":{"enabled":false,"date":"2026-05-03 12:12:19","action":"change-status","newStatus":"draft","terms":[],"taxonomy":"category"},"_links":{"self":[{"href":"https:\/\/testi-e2c55b704894.senaatti.fi\/sv\/wp-json\/wp\/v2\/posts\/71877","targetHints":{"allow":["GET"]}}],"collection":[{"href":"https:\/\/testi-e2c55b704894.senaatti.fi\/sv\/wp-json\/wp\/v2\/posts"}],"about":[{"href":"https:\/\/testi-e2c55b704894.senaatti.fi\/sv\/wp-json\/wp\/v2\/types\/post"}],"author":[{"embeddable":true,"href":"https:\/\/testi-e2c55b704894.senaatti.fi\/sv\/wp-json\/wp\/v2\/users\/16"}],"replies":[{"embeddable":true,"href":"https:\/\/testi-e2c55b704894.senaatti.fi\/sv\/wp-json\/wp\/v2\/comments?post=71877"}],"version-history":[{"count":2,"href":"https:\/\/testi-e2c55b704894.senaatti.fi\/sv\/wp-json\/wp\/v2\/posts\/71877\/revisions"}],"predecessor-version":[{"id":71879,"href":"https:\/\/testi-e2c55b704894.senaatti.fi\/sv\/wp-json\/wp\/v2\/posts\/71877\/revisions\/71879"}],"wp:featuredmedia":[{"embeddable":true,"href":"https:\/\/testi-e2c55b704894.senaatti.fi\/sv\/wp-json\/wp\/v2\/media\/28130"}],"wp:attachment":[{"href":"https:\/\/testi-e2c55b704894.senaatti.fi\/sv\/wp-json\/wp\/v2\/media?parent=71877"}],"curies":[{"name":"wp","href":"https:\/\/api.w.org\/{rel}","templated":true}]}}