{"id":71912,"date":"2023-12-14T08:00:18","date_gmt":"2023-12-14T06:00:18","guid":{"rendered":"https:\/\/testi-e2c55b704894.senaatti.fi\/2023\/12\/14\/senaatti-kiinteistot-on-myynyt-venajan-turun-paakonsulaatin-kaytossa-olleen-kiinteiston-turun-kaupungille\/"},"modified":"2024-05-13T09:44:54","modified_gmt":"2024-05-13T06:44:54","slug":"senatfastigheter-har-salt-den-fastighet-i-abo-som-anvandes-av-rysslands-generalkonsulat-till-abo-stad","status":"publish","type":"post","link":"https:\/\/testi-e2c55b704894.senaatti.fi\/sv\/aktuellt\/nyheter\/senatfastigheter-har-salt-den-fastighet-i-abo-som-anvandes-av-rysslands-generalkonsulat-till-abo-stad\/","title":{"rendered":"Senatfastigheter har s\u00e5lt den fastighet i \u00c5bo som anv\u00e4ndes av Rysslands generalkonsulat till \u00c5bo stad"},"content":{"rendered":"<p><strong>Senatfastigheter och \u00c5bo stad har undertecknat en fastighetsaff\u00e4r 13.12.2023 om den fastighet som varit Rysslands generalkonsulat i \u00c5bo. Fastigheten vid V\u00e5rdbergsgatan 2 \u00f6vergick i \u00c5bo stads \u00e4go f\u00f6r k\u00f6pepriset 1,6 miljoner euro. \u00c5bo stad k\u00f6pte fastigheten f\u00f6r behov i anslutning till utveckling av servicen\u00e4tet.<\/strong><\/p>\n<p>\u201dF\u00f6rhandlingarna om fastighetsaff\u00e4ren framskred snabbt med staden och det \u00e4r fint att den fastighet som f\u00f6r n\u00e4rvarande st\u00e5r tom f\u00e5r ny anv\u00e4ndning och kan betj\u00e4na \u00e5boborna som en del av stadens servicen\u00e4tverk\u201d, s\u00e4ger <strong>Marko H\u00e4rk\u00f6nen<\/strong>, direkt\u00f6r f\u00f6r Senatfastigheters fastighetsutveckling och fastighetsf\u00f6rs\u00e4ljning.<\/p>\n<p>Fastigheten finns mellan V\u00e5rdbergsparken och Klosterbackens hantverksmuseum och dess totalareal \u00e4r 3\u00a0500 m2. I fastighetsaff\u00e4ren ing\u00e5r ocks\u00e5 en byggnad som f\u00e4rdigst\u00e4lldes 1974. Byggnadens v\u00e5ningsyta \u00e4r cirka 2 000 m2.<\/p>\n","protected":false},"excerpt":{"rendered":"<p>Senatfastigheter och \u00c5bo stad har undertecknat en fastighetsaff\u00e4r 13.12.2023 om den fastighet som varit Rysslands generalkonsulat i \u00c5bo. Fastigheten vid V\u00e5rdbergsgatan 2 \u00f6vergick i \u00c5bo stads \u00e4go f\u00f6r k\u00f6pepriset 1,6 miljoner euro. \u00c5bo stad k\u00f6pte fastigheten f\u00f6r behov i anslutning till utveckling av servicen\u00e4tet. \u201dF\u00f6rhandlingarna om fastighetsaff\u00e4ren framskred snabbt med staden och det \u00e4r fint [&hellip;]<\/p>\n","protected":false},"author":16,"featured_media":0,"comment_status":"open","ping_status":"open","sticky":false,"template":"","format":"standard","meta":{"_acf_changed":false,"footnotes":""},"class_list":["post-71912","post","type-post","status-publish","format-standard","hentry","senaatti_category-fastighet-utveckling-och-forsaljning","senaatti_type-meddelande"],"acf":[],"yoast_head":"<!-- This site is optimized with the Yoast SEO plugin v23.9 - https:\/\/yoast.com\/wordpress\/plugins\/seo\/ -->\n<title>Senatfastigheter har s\u00e5lt den fastighet i \u00c5bo som anv\u00e4ndes av Rysslands generalkonsulat till \u00c5bo stad - Senaatti<\/title>\n<meta name=\"description\" content=\"Senatfastigheter och \u00c5bo stad har undertecknat en fastighetsaff\u00e4r 13.12.2023 om den fastighet som varit Rysslands generalkonsulat i \u00c5bo. Fastigheten vid\" \/>\n<meta name=\"robots\" content=\"noindex, follow, max-snippet:-1, max-image-preview:large, max-video-preview:-1\" \/>\n<meta property=\"og:locale\" content=\"sv_SE\" \/>\n<meta property=\"og:type\" content=\"article\" \/>\n<meta property=\"og:title\" content=\"Senatfastigheter har s\u00e5lt den fastighet i \u00c5bo som anv\u00e4ndes av Rysslands generalkonsulat till \u00c5bo stad - Senaatti\" \/>\n<meta property=\"og:description\" content=\"Senatfastigheter och \u00c5bo stad har undertecknat en fastighetsaff\u00e4r 13.12.2023 om den fastighet som varit Rysslands generalkonsulat i \u00c5bo. Fastigheten vid\" \/>\n<meta property=\"og:url\" content=\"https:\/\/testi-e2c55b704894.senaatti.fi\/sv\/aktuellt\/nyheter\/senatfastigheter-har-salt-den-fastighet-i-abo-som-anvandes-av-rysslands-generalkonsulat-till-abo-stad\/\" \/>\n<meta property=\"og:site_name\" content=\"Senaatti\" \/>\n<meta property=\"article:publisher\" content=\"https:\/\/www.facebook.com\/SenaattiKiinteistot\/\" \/>\n<meta property=\"article:published_time\" content=\"2023-12-14T06:00:18+00:00\" \/>\n<meta property=\"article:modified_time\" content=\"2024-05-13T06:44:54+00:00\" \/>\n<meta property=\"og:image\" content=\"https:\/\/testi-e2c55b704894.senaatti.fi\/app\/uploads\/2021\/01\/Senaatti_FB_profiili_1200x630-1024x538.png\" \/>\n\t<meta property=\"og:image:width\" content=\"1024\" \/>\n\t<meta property=\"og:image:height\" content=\"538\" \/>\n\t<meta property=\"og:image:type\" content=\"image\/png\" \/>\n<meta name=\"author\" content=\"Andreas Ylijarvi\" \/>\n<meta name=\"twitter:card\" content=\"summary_large_image\" \/>\n<meta name=\"twitter:creator\" content=\"@SenaattiK\" \/>\n<meta name=\"twitter:site\" content=\"@SenaattiK\" \/>\n<meta name=\"twitter:label1\" content=\"Skriven av\" \/>\n\t<meta name=\"twitter:data1\" content=\"Andreas Ylijarvi\" \/>\n\t<meta name=\"twitter:label2\" content=\"Ber\u00e4knad l\u00e4stid\" \/>\n\t<meta name=\"twitter:data2\" content=\"1 minut\" \/>\n<script type=\"application\/ld+json\" class=\"yoast-schema-graph\">{\"@context\":\"https:\/\/schema.org\",\"@graph\":[{\"@type\":\"Article\",\"@id\":\"https:\/\/testi-e2c55b704894.senaatti.fi\/sv\/aktuellt\/nyheter\/senatfastigheter-har-salt-den-fastighet-i-abo-som-anvandes-av-rysslands-generalkonsulat-till-abo-stad\/#article\",\"isPartOf\":{\"@id\":\"https:\/\/testi-e2c55b704894.senaatti.fi\/sv\/aktuellt\/nyheter\/senatfastigheter-har-salt-den-fastighet-i-abo-som-anvandes-av-rysslands-generalkonsulat-till-abo-stad\/\"},\"author\":{\"name\":\"Andreas Ylijarvi\",\"@id\":\"https:\/\/www.senaatti.fi\/#\/schema\/person\/80de6083a34c1dad19140c28086a0ceb\"},\"headline\":\"Senatfastigheter har s\u00e5lt den fastighet i \u00c5bo som anv\u00e4ndes av Rysslands generalkonsulat till \u00c5bo stad\",\"datePublished\":\"2023-12-14T06:00:18+00:00\",\"dateModified\":\"2024-05-13T06:44:54+00:00\",\"mainEntityOfPage\":{\"@id\":\"https:\/\/testi-e2c55b704894.senaatti.fi\/sv\/aktuellt\/nyheter\/senatfastigheter-har-salt-den-fastighet-i-abo-som-anvandes-av-rysslands-generalkonsulat-till-abo-stad\/\"},\"wordCount\":153,\"commentCount\":0,\"publisher\":{\"@id\":\"https:\/\/www.senaatti.fi\/#organization\"},\"articleSection\":[\"Nyhet\"],\"inLanguage\":\"sv-SE\"},{\"@type\":\"WebPage\",\"@id\":\"https:\/\/testi-e2c55b704894.senaatti.fi\/sv\/aktuellt\/nyheter\/senatfastigheter-har-salt-den-fastighet-i-abo-som-anvandes-av-rysslands-generalkonsulat-till-abo-stad\/\",\"url\":\"https:\/\/testi-e2c55b704894.senaatti.fi\/sv\/aktuellt\/nyheter\/senatfastigheter-har-salt-den-fastighet-i-abo-som-anvandes-av-rysslands-generalkonsulat-till-abo-stad\/\",\"name\":\"Senatfastigheter har s\u00e5lt den fastighet i \u00c5bo som anv\u00e4ndes av Rysslands generalkonsulat till \u00c5bo stad - Senaatti\",\"isPartOf\":{\"@id\":\"https:\/\/www.senaatti.fi\/#website\"},\"datePublished\":\"2023-12-14T06:00:18+00:00\",\"dateModified\":\"2024-05-13T06:44:54+00:00\",\"description\":\"Senatfastigheter och \u00c5bo stad har undertecknat en fastighetsaff\u00e4r 13.12.2023 om den fastighet som varit Rysslands generalkonsulat i \u00c5bo. Fastigheten vid\",\"breadcrumb\":{\"@id\":\"https:\/\/testi-e2c55b704894.senaatti.fi\/sv\/aktuellt\/nyheter\/senatfastigheter-har-salt-den-fastighet-i-abo-som-anvandes-av-rysslands-generalkonsulat-till-abo-stad\/#breadcrumb\"},\"inLanguage\":\"sv-SE\",\"potentialAction\":[{\"@type\":\"ReadAction\",\"target\":[\"https:\/\/testi-e2c55b704894.senaatti.fi\/sv\/aktuellt\/nyheter\/senatfastigheter-har-salt-den-fastighet-i-abo-som-anvandes-av-rysslands-generalkonsulat-till-abo-stad\/\"]}]},{\"@type\":\"BreadcrumbList\",\"@id\":\"https:\/\/testi-e2c55b704894.senaatti.fi\/sv\/aktuellt\/nyheter\/senatfastigheter-har-salt-den-fastighet-i-abo-som-anvandes-av-rysslands-generalkonsulat-till-abo-stad\/#breadcrumb\",\"itemListElement\":[{\"@type\":\"ListItem\",\"position\":1,\"name\":\"Hem\",\"item\":\"https:\/\/www.senaatti.fi\/sv\/\"},{\"@type\":\"ListItem\",\"position\":2,\"name\":\"Senatfastigheter har s\u00e5lt den fastighet i \u00c5bo som anv\u00e4ndes av Rysslands generalkonsulat till \u00c5bo stad\"}]},{\"@type\":\"WebSite\",\"@id\":\"https:\/\/www.senaatti.fi\/#website\",\"url\":\"https:\/\/www.senaatti.fi\/\",\"name\":\"Senaatti\",\"description\":\"Just another WordPress site\",\"publisher\":{\"@id\":\"https:\/\/www.senaatti.fi\/#organization\"},\"potentialAction\":[{\"@type\":\"SearchAction\",\"target\":{\"@type\":\"EntryPoint\",\"urlTemplate\":\"https:\/\/www.senaatti.fi\/?s={search_term_string}\"},\"query-input\":{\"@type\":\"PropertyValueSpecification\",\"valueRequired\":true,\"valueName\":\"search_term_string\"}}],\"inLanguage\":\"sv-SE\"},{\"@type\":\"Organization\",\"@id\":\"https:\/\/www.senaatti.fi\/#organization\",\"name\":\"Senaatti-kiinteist\u00f6t\",\"url\":\"https:\/\/www.senaatti.fi\/\",\"logo\":{\"@type\":\"ImageObject\",\"inLanguage\":\"sv-SE\",\"@id\":\"https:\/\/www.senaatti.fi\/#\/schema\/logo\/image\/\",\"url\":\"https:\/\/testi-e2c55b704894.senaatti.fi\/app\/uploads\/2021\/01\/Senaatti_FB_profiili_1200x630.png\",\"contentUrl\":\"https:\/\/testi-e2c55b704894.senaatti.fi\/app\/uploads\/2021\/01\/Senaatti_FB_profiili_1200x630.png\",\"width\":1201,\"height\":631,\"caption\":\"Senaatti-kiinteist\u00f6t\"},\"image\":{\"@id\":\"https:\/\/www.senaatti.fi\/#\/schema\/logo\/image\/\"},\"sameAs\":[\"https:\/\/www.facebook.com\/SenaattiKiinteistot\/\",\"https:\/\/x.com\/SenaattiK\",\"https:\/\/www.linkedin.com\/company\/senate-properties\",\"https:\/\/www.youtube.com\/channel\/UCunSUhMjKd5KqASPgBrndkQ\"]},{\"@type\":\"Person\",\"@id\":\"https:\/\/www.senaatti.fi\/#\/schema\/person\/80de6083a34c1dad19140c28086a0ceb\",\"name\":\"Andreas Ylijarvi\",\"image\":{\"@type\":\"ImageObject\",\"inLanguage\":\"sv-SE\",\"@id\":\"https:\/\/www.senaatti.fi\/#\/schema\/person\/image\/\",\"url\":\"https:\/\/secure.gravatar.com\/avatar\/393b74c0a25affaabc46f7c6721d9581?s=96&d=mm&r=g\",\"contentUrl\":\"https:\/\/secure.gravatar.com\/avatar\/393b74c0a25affaabc46f7c6721d9581?s=96&d=mm&r=g\",\"caption\":\"Andreas Ylijarvi\"}}]}<\/script>\n<!-- \/ Yoast SEO plugin. -->","yoast_head_json":{"title":"Senatfastigheter har s\u00e5lt den fastighet i \u00c5bo som anv\u00e4ndes av Rysslands generalkonsulat till \u00c5bo stad - Senaatti","description":"Senatfastigheter och \u00c5bo stad har undertecknat en fastighetsaff\u00e4r 13.12.2023 om den fastighet som varit Rysslands generalkonsulat i \u00c5bo. Fastigheten vid","robots":{"index":"noindex","follow":"follow","max-snippet":"max-snippet:-1","max-image-preview":"max-image-preview:large","max-video-preview":"max-video-preview:-1"},"og_locale":"sv_SE","og_type":"article","og_title":"Senatfastigheter har s\u00e5lt den fastighet i \u00c5bo som anv\u00e4ndes av Rysslands generalkonsulat till \u00c5bo stad - Senaatti","og_description":"Senatfastigheter och \u00c5bo stad har undertecknat en fastighetsaff\u00e4r 13.12.2023 om den fastighet som varit Rysslands generalkonsulat i \u00c5bo. Fastigheten vid","og_url":"https:\/\/testi-e2c55b704894.senaatti.fi\/sv\/aktuellt\/nyheter\/senatfastigheter-har-salt-den-fastighet-i-abo-som-anvandes-av-rysslands-generalkonsulat-till-abo-stad\/","og_site_name":"Senaatti","article_publisher":"https:\/\/www.facebook.com\/SenaattiKiinteistot\/","article_published_time":"2023-12-14T06:00:18+00:00","article_modified_time":"2024-05-13T06:44:54+00:00","og_image":[{"width":1024,"height":538,"url":"https:\/\/testi-e2c55b704894.senaatti.fi\/app\/uploads\/2021\/01\/Senaatti_FB_profiili_1200x630-1024x538.png","type":"image\/png"}],"author":"Andreas Ylijarvi","twitter_card":"summary_large_image","twitter_creator":"@SenaattiK","twitter_site":"@SenaattiK","twitter_misc":{"Skriven av":"Andreas Ylijarvi","Ber\u00e4knad l\u00e4stid":"1 minut"},"schema":{"@context":"https:\/\/schema.org","@graph":[{"@type":"Article","@id":"https:\/\/testi-e2c55b704894.senaatti.fi\/sv\/aktuellt\/nyheter\/senatfastigheter-har-salt-den-fastighet-i-abo-som-anvandes-av-rysslands-generalkonsulat-till-abo-stad\/#article","isPartOf":{"@id":"https:\/\/testi-e2c55b704894.senaatti.fi\/sv\/aktuellt\/nyheter\/senatfastigheter-har-salt-den-fastighet-i-abo-som-anvandes-av-rysslands-generalkonsulat-till-abo-stad\/"},"author":{"name":"Andreas Ylijarvi","@id":"https:\/\/www.senaatti.fi\/#\/schema\/person\/80de6083a34c1dad19140c28086a0ceb"},"headline":"Senatfastigheter har s\u00e5lt den fastighet i \u00c5bo som anv\u00e4ndes av Rysslands generalkonsulat till \u00c5bo stad","datePublished":"2023-12-14T06:00:18+00:00","dateModified":"2024-05-13T06:44:54+00:00","mainEntityOfPage":{"@id":"https:\/\/testi-e2c55b704894.senaatti.fi\/sv\/aktuellt\/nyheter\/senatfastigheter-har-salt-den-fastighet-i-abo-som-anvandes-av-rysslands-generalkonsulat-till-abo-stad\/"},"wordCount":153,"commentCount":0,"publisher":{"@id":"https:\/\/www.senaatti.fi\/#organization"},"articleSection":["Nyhet"],"inLanguage":"sv-SE"},{"@type":"WebPage","@id":"https:\/\/testi-e2c55b704894.senaatti.fi\/sv\/aktuellt\/nyheter\/senatfastigheter-har-salt-den-fastighet-i-abo-som-anvandes-av-rysslands-generalkonsulat-till-abo-stad\/","url":"https:\/\/testi-e2c55b704894.senaatti.fi\/sv\/aktuellt\/nyheter\/senatfastigheter-har-salt-den-fastighet-i-abo-som-anvandes-av-rysslands-generalkonsulat-till-abo-stad\/","name":"Senatfastigheter har s\u00e5lt den fastighet i \u00c5bo som anv\u00e4ndes av Rysslands generalkonsulat till \u00c5bo stad - Senaatti","isPartOf":{"@id":"https:\/\/www.senaatti.fi\/#website"},"datePublished":"2023-12-14T06:00:18+00:00","dateModified":"2024-05-13T06:44:54+00:00","description":"Senatfastigheter och \u00c5bo stad har undertecknat en fastighetsaff\u00e4r 13.12.2023 om den fastighet som varit Rysslands generalkonsulat i \u00c5bo. Fastigheten vid","breadcrumb":{"@id":"https:\/\/testi-e2c55b704894.senaatti.fi\/sv\/aktuellt\/nyheter\/senatfastigheter-har-salt-den-fastighet-i-abo-som-anvandes-av-rysslands-generalkonsulat-till-abo-stad\/#breadcrumb"},"inLanguage":"sv-SE","potentialAction":[{"@type":"ReadAction","target":["https:\/\/testi-e2c55b704894.senaatti.fi\/sv\/aktuellt\/nyheter\/senatfastigheter-har-salt-den-fastighet-i-abo-som-anvandes-av-rysslands-generalkonsulat-till-abo-stad\/"]}]},{"@type":"BreadcrumbList","@id":"https:\/\/testi-e2c55b704894.senaatti.fi\/sv\/aktuellt\/nyheter\/senatfastigheter-har-salt-den-fastighet-i-abo-som-anvandes-av-rysslands-generalkonsulat-till-abo-stad\/#breadcrumb","itemListElement":[{"@type":"ListItem","position":1,"name":"Hem","item":"https:\/\/www.senaatti.fi\/sv\/"},{"@type":"ListItem","position":2,"name":"Senatfastigheter har s\u00e5lt den fastighet i \u00c5bo som anv\u00e4ndes av Rysslands generalkonsulat till \u00c5bo stad"}]},{"@type":"WebSite","@id":"https:\/\/www.senaatti.fi\/#website","url":"https:\/\/www.senaatti.fi\/","name":"Senaatti","description":"Just another WordPress site","publisher":{"@id":"https:\/\/www.senaatti.fi\/#organization"},"potentialAction":[{"@type":"SearchAction","target":{"@type":"EntryPoint","urlTemplate":"https:\/\/www.senaatti.fi\/?s={search_term_string}"},"query-input":{"@type":"PropertyValueSpecification","valueRequired":true,"valueName":"search_term_string"}}],"inLanguage":"sv-SE"},{"@type":"Organization","@id":"https:\/\/www.senaatti.fi\/#organization","name":"Senaatti-kiinteist\u00f6t","url":"https:\/\/www.senaatti.fi\/","logo":{"@type":"ImageObject","inLanguage":"sv-SE","@id":"https:\/\/www.senaatti.fi\/#\/schema\/logo\/image\/","url":"https:\/\/testi-e2c55b704894.senaatti.fi\/app\/uploads\/2021\/01\/Senaatti_FB_profiili_1200x630.png","contentUrl":"https:\/\/testi-e2c55b704894.senaatti.fi\/app\/uploads\/2021\/01\/Senaatti_FB_profiili_1200x630.png","width":1201,"height":631,"caption":"Senaatti-kiinteist\u00f6t"},"image":{"@id":"https:\/\/www.senaatti.fi\/#\/schema\/logo\/image\/"},"sameAs":["https:\/\/www.facebook.com\/SenaattiKiinteistot\/","https:\/\/x.com\/SenaattiK","https:\/\/www.linkedin.com\/company\/senate-properties","https:\/\/www.youtube.com\/channel\/UCunSUhMjKd5KqASPgBrndkQ"]},{"@type":"Person","@id":"https:\/\/www.senaatti.fi\/#\/schema\/person\/80de6083a34c1dad19140c28086a0ceb","name":"Andreas Ylijarvi","image":{"@type":"ImageObject","inLanguage":"sv-SE","@id":"https:\/\/www.senaatti.fi\/#\/schema\/person\/image\/","url":"https:\/\/secure.gravatar.com\/avatar\/393b74c0a25affaabc46f7c6721d9581?s=96&d=mm&r=g","contentUrl":"https:\/\/secure.gravatar.com\/avatar\/393b74c0a25affaabc46f7c6721d9581?s=96&d=mm&r=g","caption":"Andreas Ylijarvi"}}]}},"publishpress_future_action":{"enabled":false,"date":"2026-05-03 13:31:30","action":"change-status","newStatus":"draft","terms":[],"taxonomy":"category"},"_links":{"self":[{"href":"https:\/\/testi-e2c55b704894.senaatti.fi\/sv\/wp-json\/wp\/v2\/posts\/71912","targetHints":{"allow":["GET"]}}],"collection":[{"href":"https:\/\/testi-e2c55b704894.senaatti.fi\/sv\/wp-json\/wp\/v2\/posts"}],"about":[{"href":"https:\/\/testi-e2c55b704894.senaatti.fi\/sv\/wp-json\/wp\/v2\/types\/post"}],"author":[{"embeddable":true,"href":"https:\/\/testi-e2c55b704894.senaatti.fi\/sv\/wp-json\/wp\/v2\/users\/16"}],"replies":[{"embeddable":true,"href":"https:\/\/testi-e2c55b704894.senaatti.fi\/sv\/wp-json\/wp\/v2\/comments?post=71912"}],"version-history":[{"count":2,"href":"https:\/\/testi-e2c55b704894.senaatti.fi\/sv\/wp-json\/wp\/v2\/posts\/71912\/revisions"}],"predecessor-version":[{"id":71914,"href":"https:\/\/testi-e2c55b704894.senaatti.fi\/sv\/wp-json\/wp\/v2\/posts\/71912\/revisions\/71914"}],"wp:attachment":[{"href":"https:\/\/testi-e2c55b704894.senaatti.fi\/sv\/wp-json\/wp\/v2\/media?parent=71912"}],"curies":[{"name":"wp","href":"https:\/\/api.w.org\/{rel}","templated":true}]}}