{"id":74266,"date":"2024-03-19T13:27:00","date_gmt":"2024-03-19T11:27:00","guid":{"rendered":"https:\/\/testi-e2c55b704894.senaatti.fi\/2024\/03\/19\/senaatti-konserni-on-yksi-suomen-innostavimmista-tyopaikoista\/"},"modified":"2024-06-10T10:09:16","modified_gmt":"2024-06-10T07:09:16","slug":"senatkoncernen-ar-en-av-finlands-mest-inspirerande-arbetsplatser","status":"publish","type":"post","link":"https:\/\/testi-e2c55b704894.senaatti.fi\/sv\/aktuellt\/nyheter\/senatkoncernen-ar-en-av-finlands-mest-inspirerande-arbetsplatser\/","title":{"rendered":"Senatkoncernen \u00e4r en av Finlands mest inspirerande arbetsplatser"},"content":{"rendered":"<p><strong>Senatkoncernen fick utm\u00e4rkelsen Finlands mest inspirerande arbetsplatser f\u00f6r fj\u00e4rde g\u00e5ngen i rad. Utm\u00e4rkelsen delas \u00e5rligen ut till organisationer som har uppn\u00e5tt de b\u00e4sta resultaten i Eezy Flows personalenk\u00e4t PeoplePower\u00ae. Bakom framg\u00e5ngen ligger h\u00f6rnstenarna i Senatkoncernens verksamhet: engagerad personal, \u00f6ppen v\u00e4xelverkan och f\u00f6rtroende.<\/strong><\/p>\n<p>Resultaten i personalenk\u00e4ten var \u00e5ter p\u00e5 en god niv\u00e5 i Senatkoncernen b\u00e5de i hela koncernen och i aff\u00e4rsverken och \u00f6verskred den allm\u00e4nna normen i Finland, som f\u00e5s genom ett omfattande urval av multiprofessionella f\u00f6retag. P\u00e5 enk\u00e4ten svarade 84,7 procent av Senatkoncernens anst\u00e4llda.<\/p>\n<p>\u201dEn av de viktigaste orsakerna till de goda resultaten och arbetstillfredsst\u00e4llelsen \u00e4r att v\u00e5ra anst\u00e4llda har m\u00f6jlighet att p\u00e5verka sitt eget arbete. Vi har satsat p\u00e5 att utveckla den sociala arbetskulturen och p\u00e5 att identifiera fr\u00e5gor som \u00e4r viktiga f\u00f6r v\u00e5r personal. I de \u00f6ppna svaren lyfte man ofta fram gemenskapen och f\u00f6rtroendet f\u00f6r att arbetskamrater alltid ger hj\u00e4lp vid behov\u201d, s\u00e4ger expert <strong>Maija Heini\u00f6<\/strong> fr\u00e5n HR-enheten vid Senatkoncernen.<\/p>\n<p>I personalenk\u00e4ten fick man p\u00e5 samma s\u00e4tt som \u00e5ret innan s\u00e4rskilt ber\u00f6m f\u00f6r flexibel arbetstidspraxis, m\u00f6jlighet till hybridarbete samt moderna arbetsredskap och arbetslokaler. Ocks\u00e5 chefsarbetet och ledarskapet upplevdes vara bra, och respondenterna ber\u00f6mde s\u00e4rskilt sina n\u00e4rmaste chefer f\u00f6r ett h\u00f6gklassigt chefsarbete. Utvecklingsobjekt fanns i fr\u00e5gor som g\u00e4ller informationsg\u00e5ngen och informationshanteringen samt organiseringen av och resursersf\u00f6rdelningen till arbetsuppgifter.<\/p>\n<p>\u201dDet goda arbetsklimatet, den goda vi-andan och det smidiga samarbetet fick ber\u00f6m av m\u00e5nga respondenter. Skapandet av enhetliga verksamhetss\u00e4tt och processer lyftes fram som utvecklingsobjekt, liksom f\u00f6rtydligandet av ansvarsgr\u00e4nserna f\u00f6r olika uppgifts- och ansvarsomr\u00e5den. Vi g\u00e5r igenom enk\u00e4tresultaten i olika enheter och team och uppmuntrar samtidigt alla v\u00e5ra anst\u00e4llda att f\u00f6ra fram id\u00e9er f\u00f6r att g\u00f6ra Senatkoncernen till en \u00e4nnu mer inspirerande arbetsplats\u201d, s\u00e4ger Heini\u00f6.<\/p>\n<p>Listan p\u00e5 de mest inspirerande f\u00f6retagen i Finland publicerades p\u00e5 framtidsseminariet Innostavimmat 19.3.2024.<\/p>\n","protected":false},"excerpt":{"rendered":"<p>Senatkoncernen fick utm\u00e4rkelsen Finlands mest inspirerande arbetsplatser f\u00f6r fj\u00e4rde g\u00e5ngen i rad. Utm\u00e4rkelsen delas \u00e5rligen ut till organisationer som har uppn\u00e5tt de b\u00e4sta resultaten i Eezy Flows personalenk\u00e4t PeoplePower\u00ae. Bakom framg\u00e5ngen ligger h\u00f6rnstenarna i Senatkoncernens verksamhet: engagerad personal, \u00f6ppen v\u00e4xelverkan och f\u00f6rtroende. Resultaten i personalenk\u00e4ten var \u00e5ter p\u00e5 en god niv\u00e5 i Senatkoncernen b\u00e5de i [&hellip;]<\/p>\n","protected":false},"author":56,"featured_media":71382,"comment_status":"open","ping_status":"open","sticky":false,"template":"","format":"standard","meta":{"_acf_changed":false,"footnotes":""},"class_list":["post-74266","post","type-post","status-publish","format-standard","has-post-thumbnail","hentry","senaatti_category-forsvarsfastigheter","senaatti_type-nyhet"],"acf":[],"yoast_head":"<!-- This site is optimized with the Yoast SEO plugin v23.9 - https:\/\/yoast.com\/wordpress\/plugins\/seo\/ -->\n<title>Senatkoncernen \u00e4r en av Finlands mest inspirerande arbetsplatser - Senaatti<\/title>\n<meta name=\"description\" content=\"Senatkoncernen fick utm\u00e4rkelsen Finlands mest inspirerande arbetsplatser f\u00f6r fj\u00e4rde g\u00e5ngen i rad. Utm\u00e4rkelsen delas \u00e5rligen ut till organisationer som har\" \/>\n<meta name=\"robots\" content=\"noindex, follow, max-snippet:-1, max-image-preview:large, max-video-preview:-1\" \/>\n<meta property=\"og:locale\" content=\"sv_SE\" \/>\n<meta property=\"og:type\" content=\"article\" \/>\n<meta property=\"og:title\" content=\"Senatkoncernen \u00e4r en av Finlands mest inspirerande arbetsplatser - Senaatti\" \/>\n<meta property=\"og:description\" content=\"Senatkoncernen fick utm\u00e4rkelsen Finlands mest inspirerande arbetsplatser f\u00f6r fj\u00e4rde g\u00e5ngen i rad. Utm\u00e4rkelsen delas \u00e5rligen ut till organisationer som har\" \/>\n<meta property=\"og:url\" content=\"https:\/\/testi-e2c55b704894.senaatti.fi\/sv\/aktuellt\/nyheter\/senatkoncernen-ar-en-av-finlands-mest-inspirerande-arbetsplatser\/\" \/>\n<meta property=\"og:site_name\" content=\"Senaatti\" \/>\n<meta property=\"article:publisher\" content=\"https:\/\/www.facebook.com\/SenaattiKiinteistot\/\" \/>\n<meta property=\"article:published_time\" content=\"2024-03-19T11:27:00+00:00\" \/>\n<meta property=\"article:modified_time\" content=\"2024-06-10T07:09:16+00:00\" \/>\n<meta property=\"og:image\" content=\"https:\/\/www.senaatti.fi\/app\/uploads\/2024\/03\/Innostavimmat-2023-keltainen-1024x512.jpg\" \/>\n\t<meta property=\"og:image:width\" content=\"1024\" \/>\n\t<meta property=\"og:image:height\" content=\"512\" \/>\n\t<meta property=\"og:image:type\" content=\"image\/jpeg\" \/>\n<meta name=\"twitter:card\" content=\"summary_large_image\" \/>\n<meta name=\"twitter:creator\" content=\"@SenaattiK\" \/>\n<meta name=\"twitter:site\" content=\"@SenaattiK\" \/>\n<meta name=\"twitter:label1\" content=\"Skriven av\" \/>\n\t<meta name=\"twitter:data1\" content=\"\" \/>\n\t<meta name=\"twitter:label2\" content=\"Ber\u00e4knad l\u00e4stid\" \/>\n\t<meta name=\"twitter:data2\" content=\"2 minuter\" \/>\n<script type=\"application\/ld+json\" class=\"yoast-schema-graph\">{\"@context\":\"https:\/\/schema.org\",\"@graph\":[{\"@type\":\"Article\",\"@id\":\"https:\/\/testi-e2c55b704894.senaatti.fi\/sv\/aktuellt\/nyheter\/senatkoncernen-ar-en-av-finlands-mest-inspirerande-arbetsplatser\/#article\",\"isPartOf\":{\"@id\":\"https:\/\/testi-e2c55b704894.senaatti.fi\/sv\/aktuellt\/nyheter\/senatkoncernen-ar-en-av-finlands-mest-inspirerande-arbetsplatser\/\"},\"author\":{\"name\":\"\",\"@id\":\"\"},\"headline\":\"Senatkoncernen \u00e4r en av Finlands mest inspirerande arbetsplatser\",\"datePublished\":\"2024-03-19T11:27:00+00:00\",\"dateModified\":\"2024-06-10T07:09:16+00:00\",\"mainEntityOfPage\":{\"@id\":\"https:\/\/testi-e2c55b704894.senaatti.fi\/sv\/aktuellt\/nyheter\/senatkoncernen-ar-en-av-finlands-mest-inspirerande-arbetsplatser\/\"},\"wordCount\":359,\"commentCount\":0,\"publisher\":{\"@id\":\"https:\/\/www.senaatti.fi\/#organization\"},\"image\":{\"@id\":\"https:\/\/testi-e2c55b704894.senaatti.fi\/sv\/aktuellt\/nyheter\/senatkoncernen-ar-en-av-finlands-mest-inspirerande-arbetsplatser\/#primaryimage\"},\"thumbnailUrl\":\"https:\/\/testi-e2c55b704894.senaatti.fi\/app\/uploads\/2024\/03\/Innostavimmat-2023-keltainen-scaled.jpg\",\"articleSection\":[\"Nyhet\"],\"inLanguage\":\"sv-SE\"},{\"@type\":\"WebPage\",\"@id\":\"https:\/\/testi-e2c55b704894.senaatti.fi\/sv\/aktuellt\/nyheter\/senatkoncernen-ar-en-av-finlands-mest-inspirerande-arbetsplatser\/\",\"url\":\"https:\/\/testi-e2c55b704894.senaatti.fi\/sv\/aktuellt\/nyheter\/senatkoncernen-ar-en-av-finlands-mest-inspirerande-arbetsplatser\/\",\"name\":\"Senatkoncernen \u00e4r en av Finlands mest inspirerande arbetsplatser - Senaatti\",\"isPartOf\":{\"@id\":\"https:\/\/www.senaatti.fi\/#website\"},\"primaryImageOfPage\":{\"@id\":\"https:\/\/testi-e2c55b704894.senaatti.fi\/sv\/aktuellt\/nyheter\/senatkoncernen-ar-en-av-finlands-mest-inspirerande-arbetsplatser\/#primaryimage\"},\"image\":{\"@id\":\"https:\/\/testi-e2c55b704894.senaatti.fi\/sv\/aktuellt\/nyheter\/senatkoncernen-ar-en-av-finlands-mest-inspirerande-arbetsplatser\/#primaryimage\"},\"thumbnailUrl\":\"https:\/\/testi-e2c55b704894.senaatti.fi\/app\/uploads\/2024\/03\/Innostavimmat-2023-keltainen-scaled.jpg\",\"datePublished\":\"2024-03-19T11:27:00+00:00\",\"dateModified\":\"2024-06-10T07:09:16+00:00\",\"description\":\"Senatkoncernen fick utm\u00e4rkelsen Finlands mest inspirerande arbetsplatser f\u00f6r fj\u00e4rde g\u00e5ngen i rad. Utm\u00e4rkelsen delas \u00e5rligen ut till organisationer som har\",\"breadcrumb\":{\"@id\":\"https:\/\/testi-e2c55b704894.senaatti.fi\/sv\/aktuellt\/nyheter\/senatkoncernen-ar-en-av-finlands-mest-inspirerande-arbetsplatser\/#breadcrumb\"},\"inLanguage\":\"sv-SE\",\"potentialAction\":[{\"@type\":\"ReadAction\",\"target\":[\"https:\/\/testi-e2c55b704894.senaatti.fi\/sv\/aktuellt\/nyheter\/senatkoncernen-ar-en-av-finlands-mest-inspirerande-arbetsplatser\/\"]}]},{\"@type\":\"ImageObject\",\"inLanguage\":\"sv-SE\",\"@id\":\"https:\/\/testi-e2c55b704894.senaatti.fi\/sv\/aktuellt\/nyheter\/senatkoncernen-ar-en-av-finlands-mest-inspirerande-arbetsplatser\/#primaryimage\",\"url\":\"https:\/\/testi-e2c55b704894.senaatti.fi\/app\/uploads\/2024\/03\/Innostavimmat-2023-keltainen-scaled.jpg\",\"contentUrl\":\"https:\/\/testi-e2c55b704894.senaatti.fi\/app\/uploads\/2024\/03\/Innostavimmat-2023-keltainen-scaled.jpg\",\"width\":2560,\"height\":1279,\"caption\":\"Suomen innostavimmat ty\u00f6paikat 2023\"},{\"@type\":\"BreadcrumbList\",\"@id\":\"https:\/\/testi-e2c55b704894.senaatti.fi\/sv\/aktuellt\/nyheter\/senatkoncernen-ar-en-av-finlands-mest-inspirerande-arbetsplatser\/#breadcrumb\",\"itemListElement\":[{\"@type\":\"ListItem\",\"position\":1,\"name\":\"Hem\",\"item\":\"https:\/\/www.senaatti.fi\/sv\/\"},{\"@type\":\"ListItem\",\"position\":2,\"name\":\"Senatkoncernen \u00e4r en av Finlands mest inspirerande arbetsplatser\"}]},{\"@type\":\"WebSite\",\"@id\":\"https:\/\/www.senaatti.fi\/#website\",\"url\":\"https:\/\/www.senaatti.fi\/\",\"name\":\"Senaatti\",\"description\":\"Just another WordPress site\",\"publisher\":{\"@id\":\"https:\/\/www.senaatti.fi\/#organization\"},\"potentialAction\":[{\"@type\":\"SearchAction\",\"target\":{\"@type\":\"EntryPoint\",\"urlTemplate\":\"https:\/\/www.senaatti.fi\/?s={search_term_string}\"},\"query-input\":{\"@type\":\"PropertyValueSpecification\",\"valueRequired\":true,\"valueName\":\"search_term_string\"}}],\"inLanguage\":\"sv-SE\"},{\"@type\":\"Organization\",\"@id\":\"https:\/\/www.senaatti.fi\/#organization\",\"name\":\"Senaatti-kiinteist\u00f6t\",\"url\":\"https:\/\/www.senaatti.fi\/\",\"logo\":{\"@type\":\"ImageObject\",\"inLanguage\":\"sv-SE\",\"@id\":\"https:\/\/www.senaatti.fi\/#\/schema\/logo\/image\/\",\"url\":\"https:\/\/testi-e2c55b704894.senaatti.fi\/app\/uploads\/2021\/01\/Senaatti_FB_profiili_1200x630.png\",\"contentUrl\":\"https:\/\/testi-e2c55b704894.senaatti.fi\/app\/uploads\/2021\/01\/Senaatti_FB_profiili_1200x630.png\",\"width\":1201,\"height\":631,\"caption\":\"Senaatti-kiinteist\u00f6t\"},\"image\":{\"@id\":\"https:\/\/www.senaatti.fi\/#\/schema\/logo\/image\/\"},\"sameAs\":[\"https:\/\/www.facebook.com\/SenaattiKiinteistot\/\",\"https:\/\/x.com\/SenaattiK\",\"https:\/\/www.linkedin.com\/company\/senate-properties\",\"https:\/\/www.youtube.com\/channel\/UCunSUhMjKd5KqASPgBrndkQ\"]},{\"@type\":\"Person\",\"@id\":\"\"}]}<\/script>\n<!-- \/ Yoast SEO plugin. -->","yoast_head_json":{"title":"Senatkoncernen \u00e4r en av Finlands mest inspirerande arbetsplatser - Senaatti","description":"Senatkoncernen fick utm\u00e4rkelsen Finlands mest inspirerande arbetsplatser f\u00f6r fj\u00e4rde g\u00e5ngen i rad. Utm\u00e4rkelsen delas \u00e5rligen ut till organisationer som har","robots":{"index":"noindex","follow":"follow","max-snippet":"max-snippet:-1","max-image-preview":"max-image-preview:large","max-video-preview":"max-video-preview:-1"},"og_locale":"sv_SE","og_type":"article","og_title":"Senatkoncernen \u00e4r en av Finlands mest inspirerande arbetsplatser - Senaatti","og_description":"Senatkoncernen fick utm\u00e4rkelsen Finlands mest inspirerande arbetsplatser f\u00f6r fj\u00e4rde g\u00e5ngen i rad. Utm\u00e4rkelsen delas \u00e5rligen ut till organisationer som har","og_url":"https:\/\/testi-e2c55b704894.senaatti.fi\/sv\/aktuellt\/nyheter\/senatkoncernen-ar-en-av-finlands-mest-inspirerande-arbetsplatser\/","og_site_name":"Senaatti","article_publisher":"https:\/\/www.facebook.com\/SenaattiKiinteistot\/","article_published_time":"2024-03-19T11:27:00+00:00","article_modified_time":"2024-06-10T07:09:16+00:00","og_image":[{"width":1024,"height":512,"url":"https:\/\/www.senaatti.fi\/app\/uploads\/2024\/03\/Innostavimmat-2023-keltainen-1024x512.jpg","type":"image\/jpeg"}],"twitter_card":"summary_large_image","twitter_creator":"@SenaattiK","twitter_site":"@SenaattiK","twitter_misc":{"Skriven av":"","Ber\u00e4knad l\u00e4stid":"2 minuter"},"schema":{"@context":"https:\/\/schema.org","@graph":[{"@type":"Article","@id":"https:\/\/testi-e2c55b704894.senaatti.fi\/sv\/aktuellt\/nyheter\/senatkoncernen-ar-en-av-finlands-mest-inspirerande-arbetsplatser\/#article","isPartOf":{"@id":"https:\/\/testi-e2c55b704894.senaatti.fi\/sv\/aktuellt\/nyheter\/senatkoncernen-ar-en-av-finlands-mest-inspirerande-arbetsplatser\/"},"author":{"name":"","@id":""},"headline":"Senatkoncernen \u00e4r en av Finlands mest inspirerande arbetsplatser","datePublished":"2024-03-19T11:27:00+00:00","dateModified":"2024-06-10T07:09:16+00:00","mainEntityOfPage":{"@id":"https:\/\/testi-e2c55b704894.senaatti.fi\/sv\/aktuellt\/nyheter\/senatkoncernen-ar-en-av-finlands-mest-inspirerande-arbetsplatser\/"},"wordCount":359,"commentCount":0,"publisher":{"@id":"https:\/\/www.senaatti.fi\/#organization"},"image":{"@id":"https:\/\/testi-e2c55b704894.senaatti.fi\/sv\/aktuellt\/nyheter\/senatkoncernen-ar-en-av-finlands-mest-inspirerande-arbetsplatser\/#primaryimage"},"thumbnailUrl":"https:\/\/testi-e2c55b704894.senaatti.fi\/app\/uploads\/2024\/03\/Innostavimmat-2023-keltainen-scaled.jpg","articleSection":["Nyhet"],"inLanguage":"sv-SE"},{"@type":"WebPage","@id":"https:\/\/testi-e2c55b704894.senaatti.fi\/sv\/aktuellt\/nyheter\/senatkoncernen-ar-en-av-finlands-mest-inspirerande-arbetsplatser\/","url":"https:\/\/testi-e2c55b704894.senaatti.fi\/sv\/aktuellt\/nyheter\/senatkoncernen-ar-en-av-finlands-mest-inspirerande-arbetsplatser\/","name":"Senatkoncernen \u00e4r en av Finlands mest inspirerande arbetsplatser - Senaatti","isPartOf":{"@id":"https:\/\/www.senaatti.fi\/#website"},"primaryImageOfPage":{"@id":"https:\/\/testi-e2c55b704894.senaatti.fi\/sv\/aktuellt\/nyheter\/senatkoncernen-ar-en-av-finlands-mest-inspirerande-arbetsplatser\/#primaryimage"},"image":{"@id":"https:\/\/testi-e2c55b704894.senaatti.fi\/sv\/aktuellt\/nyheter\/senatkoncernen-ar-en-av-finlands-mest-inspirerande-arbetsplatser\/#primaryimage"},"thumbnailUrl":"https:\/\/testi-e2c55b704894.senaatti.fi\/app\/uploads\/2024\/03\/Innostavimmat-2023-keltainen-scaled.jpg","datePublished":"2024-03-19T11:27:00+00:00","dateModified":"2024-06-10T07:09:16+00:00","description":"Senatkoncernen fick utm\u00e4rkelsen Finlands mest inspirerande arbetsplatser f\u00f6r fj\u00e4rde g\u00e5ngen i rad. Utm\u00e4rkelsen delas \u00e5rligen ut till organisationer som har","breadcrumb":{"@id":"https:\/\/testi-e2c55b704894.senaatti.fi\/sv\/aktuellt\/nyheter\/senatkoncernen-ar-en-av-finlands-mest-inspirerande-arbetsplatser\/#breadcrumb"},"inLanguage":"sv-SE","potentialAction":[{"@type":"ReadAction","target":["https:\/\/testi-e2c55b704894.senaatti.fi\/sv\/aktuellt\/nyheter\/senatkoncernen-ar-en-av-finlands-mest-inspirerande-arbetsplatser\/"]}]},{"@type":"ImageObject","inLanguage":"sv-SE","@id":"https:\/\/testi-e2c55b704894.senaatti.fi\/sv\/aktuellt\/nyheter\/senatkoncernen-ar-en-av-finlands-mest-inspirerande-arbetsplatser\/#primaryimage","url":"https:\/\/testi-e2c55b704894.senaatti.fi\/app\/uploads\/2024\/03\/Innostavimmat-2023-keltainen-scaled.jpg","contentUrl":"https:\/\/testi-e2c55b704894.senaatti.fi\/app\/uploads\/2024\/03\/Innostavimmat-2023-keltainen-scaled.jpg","width":2560,"height":1279,"caption":"Suomen innostavimmat ty\u00f6paikat 2023"},{"@type":"BreadcrumbList","@id":"https:\/\/testi-e2c55b704894.senaatti.fi\/sv\/aktuellt\/nyheter\/senatkoncernen-ar-en-av-finlands-mest-inspirerande-arbetsplatser\/#breadcrumb","itemListElement":[{"@type":"ListItem","position":1,"name":"Hem","item":"https:\/\/www.senaatti.fi\/sv\/"},{"@type":"ListItem","position":2,"name":"Senatkoncernen \u00e4r en av Finlands mest inspirerande arbetsplatser"}]},{"@type":"WebSite","@id":"https:\/\/www.senaatti.fi\/#website","url":"https:\/\/www.senaatti.fi\/","name":"Senaatti","description":"Just another WordPress site","publisher":{"@id":"https:\/\/www.senaatti.fi\/#organization"},"potentialAction":[{"@type":"SearchAction","target":{"@type":"EntryPoint","urlTemplate":"https:\/\/www.senaatti.fi\/?s={search_term_string}"},"query-input":{"@type":"PropertyValueSpecification","valueRequired":true,"valueName":"search_term_string"}}],"inLanguage":"sv-SE"},{"@type":"Organization","@id":"https:\/\/www.senaatti.fi\/#organization","name":"Senaatti-kiinteist\u00f6t","url":"https:\/\/www.senaatti.fi\/","logo":{"@type":"ImageObject","inLanguage":"sv-SE","@id":"https:\/\/www.senaatti.fi\/#\/schema\/logo\/image\/","url":"https:\/\/testi-e2c55b704894.senaatti.fi\/app\/uploads\/2021\/01\/Senaatti_FB_profiili_1200x630.png","contentUrl":"https:\/\/testi-e2c55b704894.senaatti.fi\/app\/uploads\/2021\/01\/Senaatti_FB_profiili_1200x630.png","width":1201,"height":631,"caption":"Senaatti-kiinteist\u00f6t"},"image":{"@id":"https:\/\/www.senaatti.fi\/#\/schema\/logo\/image\/"},"sameAs":["https:\/\/www.facebook.com\/SenaattiKiinteistot\/","https:\/\/x.com\/SenaattiK","https:\/\/www.linkedin.com\/company\/senate-properties","https:\/\/www.youtube.com\/channel\/UCunSUhMjKd5KqASPgBrndkQ"]},{"@type":"Person","@id":""}]}},"publishpress_future_action":{"enabled":false,"date":"2026-05-03 10:34:58","action":"change-status","newStatus":"draft","terms":[],"taxonomy":"category"},"_links":{"self":[{"href":"https:\/\/testi-e2c55b704894.senaatti.fi\/sv\/wp-json\/wp\/v2\/posts\/74266","targetHints":{"allow":["GET"]}}],"collection":[{"href":"https:\/\/testi-e2c55b704894.senaatti.fi\/sv\/wp-json\/wp\/v2\/posts"}],"about":[{"href":"https:\/\/testi-e2c55b704894.senaatti.fi\/sv\/wp-json\/wp\/v2\/types\/post"}],"author":[{"embeddable":true,"href":"https:\/\/testi-e2c55b704894.senaatti.fi\/sv\/wp-json\/wp\/v2\/users\/56"}],"replies":[{"embeddable":true,"href":"https:\/\/testi-e2c55b704894.senaatti.fi\/sv\/wp-json\/wp\/v2\/comments?post=74266"}],"version-history":[{"count":2,"href":"https:\/\/testi-e2c55b704894.senaatti.fi\/sv\/wp-json\/wp\/v2\/posts\/74266\/revisions"}],"predecessor-version":[{"id":74268,"href":"https:\/\/testi-e2c55b704894.senaatti.fi\/sv\/wp-json\/wp\/v2\/posts\/74266\/revisions\/74268"}],"wp:featuredmedia":[{"embeddable":true,"href":"https:\/\/testi-e2c55b704894.senaatti.fi\/sv\/wp-json\/wp\/v2\/media\/71382"}],"wp:attachment":[{"href":"https:\/\/testi-e2c55b704894.senaatti.fi\/sv\/wp-json\/wp\/v2\/media?parent=74266"}],"curies":[{"name":"wp","href":"https:\/\/api.w.org\/{rel}","templated":true}]}}