{"id":74350,"date":"2024-03-25T10:00:52","date_gmt":"2024-03-25T08:00:52","guid":{"rendered":"https:\/\/testi-e2c55b704894.senaatti.fi\/2024\/03\/25\/senaatti-konsernin-konsernijohtajaksi-1-7-2024-alkaen-on-nimitetty-tuomas-pusa\/"},"modified":"2024-06-10T10:09:15","modified_gmt":"2024-06-10T07:09:15","slug":"tuomas-pusa-har-utsetts-till-koncerndirektor-for-senatkoncernen-fran-1-7-2024","status":"publish","type":"post","link":"https:\/\/testi-e2c55b704894.senaatti.fi\/sv\/aktuellt\/nyheter\/tuomas-pusa-har-utsetts-till-koncerndirektor-for-senatkoncernen-fran-1-7-2024\/","title":{"rendered":"Tuomas Pusa har utsetts till koncerndirekt\u00f6r f\u00f6r Senatkoncernen fr\u00e5n 1.7.2024"},"content":{"rendered":"<p><strong>Tuomas Pusa har utsetts till ny koncerndirekt\u00f6r f\u00f6r Senatkoncernen, som ansvarar f\u00f6r statens fastigheter, fr\u00e5n 1.7.2024. Jari Sarjo, som lett Senatkoncernen sedan 2012, g\u00e5r i pension.<\/strong><\/p>\n<p>Senatfastigheters styrelse har utsett dipl. ing., MBA, Tuomas Pusa (44) till koncerndirekt\u00f6r. Pusa \u00e4r f\u00f6r n\u00e4rvarande operativ direkt\u00f6r f\u00f6r Senatfastigheter. Han har tidigare arbetat som divisionsdirekt\u00f6r och kundchef vid Senatfastigheter och f\u00f6re \u00f6verg\u00e5ngen till Senatfastigheter i nyckeluppgifter inom fastighetsbranschen vid Corbel Oy, YIT Kiinteist\u00f6tekniikka Oy och YIT Building Systems Oy.<\/p>\n<p>\u201dVi \u00e4r glada \u00f6ver att uppdraget som koncernchef f\u00f6r Senatkoncernen intresserade m\u00e5nga. Vi hade \u00f6ver trettio s\u00f6kande. Efter en l\u00e5ng process valdes fyra personer ut f\u00f6r personbed\u00f6mningar och fortsatta diskussioner. Till koncernchef uts\u00e5g vi Tuomas Pusa, som vi tycker \u00e4r en utm\u00e4rkt person f\u00f6r att lotsa Senatkoncernen i en f\u00f6r\u00e4nderlig omv\u00e4rld. Vi f\u00f6rs\u00e4krade oss om Tuomas strategiska vision och f\u00f6rm\u00e5ga att l\u00f6sa de utmaningar som h\u00e4nf\u00f6r sig till s\u00e4kerhet och ekonomi n\u00e4r utvecklingen av Senatkoncernen som f\u00f6reg\u00e5ngare inom h\u00e5llbart byggande forts\u00e4tter. Tuomas s\u00e4tt att lyssna och engagera andra i beslutsfattandet st\u00f6der Senatkoncernens kultur som v\u00e4rdes\u00e4tter \u00f6ppenhet och experter\u201d, s\u00e4ger <strong>Hannele Pokka<\/strong>, styrelseordf\u00f6rande f\u00f6r Senatfastigheter.<\/p>\n<p>Koncerndirekt\u00f6r Jari Sarjo har lett Senatkoncernen sedan 2012. Senatkoncernens nuvarande struktur, som fastst\u00e4llts genom lagstiftning, har varit i kraft sedan ing\u00e5ngen av 2021, d\u00e5 F\u00f6rsvarsfastigheter som ansvarar f\u00f6r f\u00f6rsvarsf\u00f6rvaltningens fastigheter inledde sin verksamhet som en del av koncernen.<\/p>\n<p>\u201dJari Sarjo har lett Senatfastigheter i tolv \u00e5r. Vi tackar honom f\u00f6r ett utm\u00e4rkt arbete. Under Jaris ledning har Senatkoncernen \u00e5stadkommit verkligt betydande resultat och reformer: ett sj\u00e4lvkostnadsbaserat hyressystem, en fokusering p\u00e5 kundupplevelsen, Senatkoncernens st\u00e4llning som f\u00f6reg\u00e5ngare i fr\u00e5gor som g\u00e4ller inomhusf\u00f6rh\u00e5llanden och inf\u00f6randet av nya arbetss\u00e4tt i statsf\u00f6rvaltningen har medf\u00f6rt f\u00f6rdelar b\u00e5de f\u00f6r v\u00e5ra kunder och f\u00f6r hela branschen. Trots betydande investeringar har lokalkostnaderna knappast \u00f6kat alls. Senatkoncernen \u00e4r ocks\u00e5 internationellt en f\u00f6rebild f\u00f6r motsvarande organisationer i Europa\u201d, s\u00e4ger Pokka.<\/p>\n<p>Tuomas Pusa inleder sitt uppdrag som koncerndirekt\u00f6r 1.7.2024.<\/p>\n<p>\u201dJag \u00e4r verkligt entusiastisk \u00f6ver det nya uppdraget. Vi har ett mycket kunnigt g\u00e4ng och ytterst intressanta kunder samt en viktig uppgift i att arbeta f\u00f6r Finland. Denna personal har tillsammans med v\u00e5ra kunder med stora steg utvecklat statens lokaler f\u00f6r att st\u00f6dja \u00e4mbetsverkens och inr\u00e4ttningarnas verksamhetsf\u00f6ruts\u00e4ttningar. Samtidigt k\u00e4nner jag mig \u00f6dmjuk inf\u00f6r allt det nya. Uppdraget medf\u00f6r ett stort ansvar. Vi m\u00e5ste varje dag bland v\u00e5ra akt\u00f6rer infria v\u00e5rt existensber\u00e4ttigande, vilket kr\u00e4ver kontinuerlig inl\u00e4rning och utveckling. V\u00e5r uppgift \u00e4r skapa nytta f\u00f6r statsf\u00f6rvaltningen och d\u00e4rmed f\u00f6r hela Finland\u201d, s\u00e4ger Pusa.<\/p>\n<h2>Senatkoncernen<\/h2>\n<p>Senatkoncernen underlyder finansministeriet och best\u00e5r av Senatfastigheter som \u00e4r moderaff\u00e4rsverk och F\u00f6rsvarsfastigheter som \u00e4r dotteraff\u00e4rsverk. F\u00f6rsvarsministeriet styr F\u00f6rsvarsfastigheter n\u00e4r de producerar tj\u00e4nster f\u00f6r F\u00f6rsvarsmakten och de partner som F\u00f6rsvarsmakten har fastst\u00e4llt. Koncernens verksamhet styrs av statens lokalstrategi och fastighetsstrategi. Servicem\u00e5len f\u00f6r koncernen st\u00e4lls upp av riksdagen, finansministeriet och f\u00f6rsvarsministeriet.<\/p>\n<p>Senatkoncernen utvecklar och uppr\u00e4tth\u00e5ller statens byggda fastighetsf\u00f6rm\u00f6genhet. Senatfastigheter g\u00f6r ingen vinst vid uthyrning av statliga lokaler, utan producerar lokaler som fungerar till sj\u00e4lvkostnadspris och som under alla f\u00f6rh\u00e5llanden \u00e4r s\u00e4kra f\u00f6r statens funktioner och st\u00f6der personalens arbete.<\/p>\n","protected":false},"excerpt":{"rendered":"<p>Tuomas Pusa har utsetts till ny koncerndirekt\u00f6r f\u00f6r Senatkoncernen, som ansvarar f\u00f6r statens fastigheter, fr\u00e5n 1.7.2024. Jari Sarjo, som lett Senatkoncernen sedan 2012, g\u00e5r i pension. Senatfastigheters styrelse har utsett dipl. ing., MBA, Tuomas Pusa (44) till koncerndirekt\u00f6r. Pusa \u00e4r f\u00f6r n\u00e4rvarande operativ direkt\u00f6r f\u00f6r Senatfastigheter. Han har tidigare arbetat som divisionsdirekt\u00f6r och kundchef vid [&hellip;]<\/p>\n","protected":false},"author":16,"featured_media":48241,"comment_status":"open","ping_status":"open","sticky":false,"template":"","format":"standard","meta":{"_acf_changed":false,"footnotes":""},"class_list":["post-74350","post","type-post","status-publish","format-standard","has-post-thumbnail","hentry","senaatti_category-forsvarsfastigheter","senaatti_type-meddelande"],"acf":[],"yoast_head":"<!-- This site is optimized with the Yoast SEO plugin v23.9 - https:\/\/yoast.com\/wordpress\/plugins\/seo\/ -->\n<title>Tuomas Pusa har utsetts till koncerndirekt\u00f6r f\u00f6r Senatkoncernen fr\u00e5n 1.7.2024 - Senaatti<\/title>\n<meta name=\"description\" content=\"Tuomas Pusa har utsetts till ny koncerndirekt\u00f6r f\u00f6r Senatkoncernen, som ansvarar f\u00f6r statens fastigheter, fr\u00e5n 1.7.2024. Jari Sarjo, som lett\" \/>\n<meta name=\"robots\" content=\"noindex, follow, max-snippet:-1, max-image-preview:large, max-video-preview:-1\" \/>\n<meta property=\"og:locale\" content=\"sv_SE\" \/>\n<meta property=\"og:type\" content=\"article\" \/>\n<meta property=\"og:title\" content=\"Tuomas Pusa har utsetts till koncerndirekt\u00f6r f\u00f6r Senatkoncernen fr\u00e5n 1.7.2024 - Senaatti\" \/>\n<meta property=\"og:description\" content=\"Tuomas Pusa har utsetts till ny koncerndirekt\u00f6r f\u00f6r Senatkoncernen, som ansvarar f\u00f6r statens fastigheter, fr\u00e5n 1.7.2024. Jari Sarjo, som lett\" \/>\n<meta property=\"og:url\" content=\"https:\/\/testi-e2c55b704894.senaatti.fi\/sv\/aktuellt\/nyheter\/tuomas-pusa-har-utsetts-till-koncerndirektor-for-senatkoncernen-fran-1-7-2024\/\" \/>\n<meta property=\"og:site_name\" content=\"Senaatti\" \/>\n<meta property=\"article:publisher\" content=\"https:\/\/www.facebook.com\/SenaattiKiinteistot\/\" \/>\n<meta property=\"article:published_time\" content=\"2024-03-25T08:00:52+00:00\" \/>\n<meta property=\"article:modified_time\" content=\"2024-06-10T07:09:15+00:00\" \/>\n<meta property=\"og:image\" content=\"https:\/\/www.senaatti.fi\/app\/uploads\/2021\/10\/Senaatti-THL-Tuomas-Pusa-1024x683.jpg\" \/>\n\t<meta property=\"og:image:width\" content=\"1024\" \/>\n\t<meta property=\"og:image:height\" content=\"683\" \/>\n\t<meta property=\"og:image:type\" content=\"image\/jpeg\" \/>\n<meta name=\"author\" content=\"Andreas Ylijarvi\" \/>\n<meta name=\"twitter:card\" content=\"summary_large_image\" \/>\n<meta name=\"twitter:creator\" content=\"@SenaattiK\" \/>\n<meta name=\"twitter:site\" content=\"@SenaattiK\" \/>\n<meta name=\"twitter:label1\" content=\"Skriven av\" \/>\n\t<meta name=\"twitter:data1\" content=\"Andreas Ylijarvi\" \/>\n\t<meta name=\"twitter:label2\" content=\"Ber\u00e4knad l\u00e4stid\" \/>\n\t<meta name=\"twitter:data2\" content=\"4 minuter\" \/>\n<script type=\"application\/ld+json\" class=\"yoast-schema-graph\">{\"@context\":\"https:\/\/schema.org\",\"@graph\":[{\"@type\":\"Article\",\"@id\":\"https:\/\/testi-e2c55b704894.senaatti.fi\/sv\/aktuellt\/nyheter\/tuomas-pusa-har-utsetts-till-koncerndirektor-for-senatkoncernen-fran-1-7-2024\/#article\",\"isPartOf\":{\"@id\":\"https:\/\/testi-e2c55b704894.senaatti.fi\/sv\/aktuellt\/nyheter\/tuomas-pusa-har-utsetts-till-koncerndirektor-for-senatkoncernen-fran-1-7-2024\/\"},\"author\":{\"name\":\"Andreas Ylijarvi\",\"@id\":\"https:\/\/www.senaatti.fi\/#\/schema\/person\/80de6083a34c1dad19140c28086a0ceb\"},\"headline\":\"Tuomas Pusa har utsetts till koncerndirekt\u00f6r f\u00f6r Senatkoncernen fr\u00e5n 1.7.2024\",\"datePublished\":\"2024-03-25T08:00:52+00:00\",\"dateModified\":\"2024-06-10T07:09:15+00:00\",\"mainEntityOfPage\":{\"@id\":\"https:\/\/testi-e2c55b704894.senaatti.fi\/sv\/aktuellt\/nyheter\/tuomas-pusa-har-utsetts-till-koncerndirektor-for-senatkoncernen-fran-1-7-2024\/\"},\"wordCount\":618,\"commentCount\":0,\"publisher\":{\"@id\":\"https:\/\/www.senaatti.fi\/#organization\"},\"image\":{\"@id\":\"https:\/\/testi-e2c55b704894.senaatti.fi\/sv\/aktuellt\/nyheter\/tuomas-pusa-har-utsetts-till-koncerndirektor-for-senatkoncernen-fran-1-7-2024\/#primaryimage\"},\"thumbnailUrl\":\"https:\/\/testi-e2c55b704894.senaatti.fi\/app\/uploads\/2021\/10\/Senaatti-THL-Tuomas-Pusa.jpg\",\"articleSection\":[\"Nyhet\"],\"inLanguage\":\"sv-SE\"},{\"@type\":\"WebPage\",\"@id\":\"https:\/\/testi-e2c55b704894.senaatti.fi\/sv\/aktuellt\/nyheter\/tuomas-pusa-har-utsetts-till-koncerndirektor-for-senatkoncernen-fran-1-7-2024\/\",\"url\":\"https:\/\/testi-e2c55b704894.senaatti.fi\/sv\/aktuellt\/nyheter\/tuomas-pusa-har-utsetts-till-koncerndirektor-for-senatkoncernen-fran-1-7-2024\/\",\"name\":\"Tuomas Pusa har utsetts till koncerndirekt\u00f6r f\u00f6r Senatkoncernen fr\u00e5n 1.7.2024 - Senaatti\",\"isPartOf\":{\"@id\":\"https:\/\/www.senaatti.fi\/#website\"},\"primaryImageOfPage\":{\"@id\":\"https:\/\/testi-e2c55b704894.senaatti.fi\/sv\/aktuellt\/nyheter\/tuomas-pusa-har-utsetts-till-koncerndirektor-for-senatkoncernen-fran-1-7-2024\/#primaryimage\"},\"image\":{\"@id\":\"https:\/\/testi-e2c55b704894.senaatti.fi\/sv\/aktuellt\/nyheter\/tuomas-pusa-har-utsetts-till-koncerndirektor-for-senatkoncernen-fran-1-7-2024\/#primaryimage\"},\"thumbnailUrl\":\"https:\/\/testi-e2c55b704894.senaatti.fi\/app\/uploads\/2021\/10\/Senaatti-THL-Tuomas-Pusa.jpg\",\"datePublished\":\"2024-03-25T08:00:52+00:00\",\"dateModified\":\"2024-06-10T07:09:15+00:00\",\"description\":\"Tuomas Pusa har utsetts till ny koncerndirekt\u00f6r f\u00f6r Senatkoncernen, som ansvarar f\u00f6r statens fastigheter, fr\u00e5n 1.7.2024. Jari Sarjo, som lett\",\"breadcrumb\":{\"@id\":\"https:\/\/testi-e2c55b704894.senaatti.fi\/sv\/aktuellt\/nyheter\/tuomas-pusa-har-utsetts-till-koncerndirektor-for-senatkoncernen-fran-1-7-2024\/#breadcrumb\"},\"inLanguage\":\"sv-SE\",\"potentialAction\":[{\"@type\":\"ReadAction\",\"target\":[\"https:\/\/testi-e2c55b704894.senaatti.fi\/sv\/aktuellt\/nyheter\/tuomas-pusa-har-utsetts-till-koncerndirektor-for-senatkoncernen-fran-1-7-2024\/\"]}]},{\"@type\":\"ImageObject\",\"inLanguage\":\"sv-SE\",\"@id\":\"https:\/\/testi-e2c55b704894.senaatti.fi\/sv\/aktuellt\/nyheter\/tuomas-pusa-har-utsetts-till-koncerndirektor-for-senatkoncernen-fran-1-7-2024\/#primaryimage\",\"url\":\"https:\/\/testi-e2c55b704894.senaatti.fi\/app\/uploads\/2021\/10\/Senaatti-THL-Tuomas-Pusa.jpg\",\"contentUrl\":\"https:\/\/testi-e2c55b704894.senaatti.fi\/app\/uploads\/2021\/10\/Senaatti-THL-Tuomas-Pusa.jpg\",\"width\":1200,\"height\":800,\"caption\":\"Vaikutusarvioinnissa hankkeen laadulliset vaikutukset yhteiskuntaan tehd\u00e4\u00e4n n\u00e4kyviksi, operatiivinen johtaja Tuomas Pusa kertoo. Pusa istuu K-rakennuksen henkil\u00f6kunnan kahvittelutilassa.\"},{\"@type\":\"BreadcrumbList\",\"@id\":\"https:\/\/testi-e2c55b704894.senaatti.fi\/sv\/aktuellt\/nyheter\/tuomas-pusa-har-utsetts-till-koncerndirektor-for-senatkoncernen-fran-1-7-2024\/#breadcrumb\",\"itemListElement\":[{\"@type\":\"ListItem\",\"position\":1,\"name\":\"Hem\",\"item\":\"https:\/\/www.senaatti.fi\/sv\/\"},{\"@type\":\"ListItem\",\"position\":2,\"name\":\"Tuomas Pusa har utsetts till koncerndirekt\u00f6r f\u00f6r Senatkoncernen fr\u00e5n 1.7.2024\"}]},{\"@type\":\"WebSite\",\"@id\":\"https:\/\/www.senaatti.fi\/#website\",\"url\":\"https:\/\/www.senaatti.fi\/\",\"name\":\"Senaatti\",\"description\":\"Just another WordPress site\",\"publisher\":{\"@id\":\"https:\/\/www.senaatti.fi\/#organization\"},\"potentialAction\":[{\"@type\":\"SearchAction\",\"target\":{\"@type\":\"EntryPoint\",\"urlTemplate\":\"https:\/\/www.senaatti.fi\/?s={search_term_string}\"},\"query-input\":{\"@type\":\"PropertyValueSpecification\",\"valueRequired\":true,\"valueName\":\"search_term_string\"}}],\"inLanguage\":\"sv-SE\"},{\"@type\":\"Organization\",\"@id\":\"https:\/\/www.senaatti.fi\/#organization\",\"name\":\"Senaatti-kiinteist\u00f6t\",\"url\":\"https:\/\/www.senaatti.fi\/\",\"logo\":{\"@type\":\"ImageObject\",\"inLanguage\":\"sv-SE\",\"@id\":\"https:\/\/www.senaatti.fi\/#\/schema\/logo\/image\/\",\"url\":\"https:\/\/testi-e2c55b704894.senaatti.fi\/app\/uploads\/2021\/01\/Senaatti_FB_profiili_1200x630.png\",\"contentUrl\":\"https:\/\/testi-e2c55b704894.senaatti.fi\/app\/uploads\/2021\/01\/Senaatti_FB_profiili_1200x630.png\",\"width\":1201,\"height\":631,\"caption\":\"Senaatti-kiinteist\u00f6t\"},\"image\":{\"@id\":\"https:\/\/www.senaatti.fi\/#\/schema\/logo\/image\/\"},\"sameAs\":[\"https:\/\/www.facebook.com\/SenaattiKiinteistot\/\",\"https:\/\/x.com\/SenaattiK\",\"https:\/\/www.linkedin.com\/company\/senate-properties\",\"https:\/\/www.youtube.com\/channel\/UCunSUhMjKd5KqASPgBrndkQ\"]},{\"@type\":\"Person\",\"@id\":\"https:\/\/www.senaatti.fi\/#\/schema\/person\/80de6083a34c1dad19140c28086a0ceb\",\"name\":\"Andreas Ylijarvi\",\"image\":{\"@type\":\"ImageObject\",\"inLanguage\":\"sv-SE\",\"@id\":\"https:\/\/www.senaatti.fi\/#\/schema\/person\/image\/\",\"url\":\"https:\/\/secure.gravatar.com\/avatar\/393b74c0a25affaabc46f7c6721d9581?s=96&d=mm&r=g\",\"contentUrl\":\"https:\/\/secure.gravatar.com\/avatar\/393b74c0a25affaabc46f7c6721d9581?s=96&d=mm&r=g\",\"caption\":\"Andreas Ylijarvi\"}}]}<\/script>\n<!-- \/ Yoast SEO plugin. -->","yoast_head_json":{"title":"Tuomas Pusa har utsetts till koncerndirekt\u00f6r f\u00f6r Senatkoncernen fr\u00e5n 1.7.2024 - Senaatti","description":"Tuomas Pusa har utsetts till ny koncerndirekt\u00f6r f\u00f6r Senatkoncernen, som ansvarar f\u00f6r statens fastigheter, fr\u00e5n 1.7.2024. Jari Sarjo, som lett","robots":{"index":"noindex","follow":"follow","max-snippet":"max-snippet:-1","max-image-preview":"max-image-preview:large","max-video-preview":"max-video-preview:-1"},"og_locale":"sv_SE","og_type":"article","og_title":"Tuomas Pusa har utsetts till koncerndirekt\u00f6r f\u00f6r Senatkoncernen fr\u00e5n 1.7.2024 - Senaatti","og_description":"Tuomas Pusa har utsetts till ny koncerndirekt\u00f6r f\u00f6r Senatkoncernen, som ansvarar f\u00f6r statens fastigheter, fr\u00e5n 1.7.2024. Jari Sarjo, som lett","og_url":"https:\/\/testi-e2c55b704894.senaatti.fi\/sv\/aktuellt\/nyheter\/tuomas-pusa-har-utsetts-till-koncerndirektor-for-senatkoncernen-fran-1-7-2024\/","og_site_name":"Senaatti","article_publisher":"https:\/\/www.facebook.com\/SenaattiKiinteistot\/","article_published_time":"2024-03-25T08:00:52+00:00","article_modified_time":"2024-06-10T07:09:15+00:00","og_image":[{"width":1024,"height":683,"url":"https:\/\/www.senaatti.fi\/app\/uploads\/2021\/10\/Senaatti-THL-Tuomas-Pusa-1024x683.jpg","type":"image\/jpeg"}],"author":"Andreas Ylijarvi","twitter_card":"summary_large_image","twitter_creator":"@SenaattiK","twitter_site":"@SenaattiK","twitter_misc":{"Skriven av":"Andreas Ylijarvi","Ber\u00e4knad l\u00e4stid":"4 minuter"},"schema":{"@context":"https:\/\/schema.org","@graph":[{"@type":"Article","@id":"https:\/\/testi-e2c55b704894.senaatti.fi\/sv\/aktuellt\/nyheter\/tuomas-pusa-har-utsetts-till-koncerndirektor-for-senatkoncernen-fran-1-7-2024\/#article","isPartOf":{"@id":"https:\/\/testi-e2c55b704894.senaatti.fi\/sv\/aktuellt\/nyheter\/tuomas-pusa-har-utsetts-till-koncerndirektor-for-senatkoncernen-fran-1-7-2024\/"},"author":{"name":"Andreas Ylijarvi","@id":"https:\/\/www.senaatti.fi\/#\/schema\/person\/80de6083a34c1dad19140c28086a0ceb"},"headline":"Tuomas Pusa har utsetts till koncerndirekt\u00f6r f\u00f6r Senatkoncernen fr\u00e5n 1.7.2024","datePublished":"2024-03-25T08:00:52+00:00","dateModified":"2024-06-10T07:09:15+00:00","mainEntityOfPage":{"@id":"https:\/\/testi-e2c55b704894.senaatti.fi\/sv\/aktuellt\/nyheter\/tuomas-pusa-har-utsetts-till-koncerndirektor-for-senatkoncernen-fran-1-7-2024\/"},"wordCount":618,"commentCount":0,"publisher":{"@id":"https:\/\/www.senaatti.fi\/#organization"},"image":{"@id":"https:\/\/testi-e2c55b704894.senaatti.fi\/sv\/aktuellt\/nyheter\/tuomas-pusa-har-utsetts-till-koncerndirektor-for-senatkoncernen-fran-1-7-2024\/#primaryimage"},"thumbnailUrl":"https:\/\/testi-e2c55b704894.senaatti.fi\/app\/uploads\/2021\/10\/Senaatti-THL-Tuomas-Pusa.jpg","articleSection":["Nyhet"],"inLanguage":"sv-SE"},{"@type":"WebPage","@id":"https:\/\/testi-e2c55b704894.senaatti.fi\/sv\/aktuellt\/nyheter\/tuomas-pusa-har-utsetts-till-koncerndirektor-for-senatkoncernen-fran-1-7-2024\/","url":"https:\/\/testi-e2c55b704894.senaatti.fi\/sv\/aktuellt\/nyheter\/tuomas-pusa-har-utsetts-till-koncerndirektor-for-senatkoncernen-fran-1-7-2024\/","name":"Tuomas Pusa har utsetts till koncerndirekt\u00f6r f\u00f6r Senatkoncernen fr\u00e5n 1.7.2024 - Senaatti","isPartOf":{"@id":"https:\/\/www.senaatti.fi\/#website"},"primaryImageOfPage":{"@id":"https:\/\/testi-e2c55b704894.senaatti.fi\/sv\/aktuellt\/nyheter\/tuomas-pusa-har-utsetts-till-koncerndirektor-for-senatkoncernen-fran-1-7-2024\/#primaryimage"},"image":{"@id":"https:\/\/testi-e2c55b704894.senaatti.fi\/sv\/aktuellt\/nyheter\/tuomas-pusa-har-utsetts-till-koncerndirektor-for-senatkoncernen-fran-1-7-2024\/#primaryimage"},"thumbnailUrl":"https:\/\/testi-e2c55b704894.senaatti.fi\/app\/uploads\/2021\/10\/Senaatti-THL-Tuomas-Pusa.jpg","datePublished":"2024-03-25T08:00:52+00:00","dateModified":"2024-06-10T07:09:15+00:00","description":"Tuomas Pusa har utsetts till ny koncerndirekt\u00f6r f\u00f6r Senatkoncernen, som ansvarar f\u00f6r statens fastigheter, fr\u00e5n 1.7.2024. Jari Sarjo, som lett","breadcrumb":{"@id":"https:\/\/testi-e2c55b704894.senaatti.fi\/sv\/aktuellt\/nyheter\/tuomas-pusa-har-utsetts-till-koncerndirektor-for-senatkoncernen-fran-1-7-2024\/#breadcrumb"},"inLanguage":"sv-SE","potentialAction":[{"@type":"ReadAction","target":["https:\/\/testi-e2c55b704894.senaatti.fi\/sv\/aktuellt\/nyheter\/tuomas-pusa-har-utsetts-till-koncerndirektor-for-senatkoncernen-fran-1-7-2024\/"]}]},{"@type":"ImageObject","inLanguage":"sv-SE","@id":"https:\/\/testi-e2c55b704894.senaatti.fi\/sv\/aktuellt\/nyheter\/tuomas-pusa-har-utsetts-till-koncerndirektor-for-senatkoncernen-fran-1-7-2024\/#primaryimage","url":"https:\/\/testi-e2c55b704894.senaatti.fi\/app\/uploads\/2021\/10\/Senaatti-THL-Tuomas-Pusa.jpg","contentUrl":"https:\/\/testi-e2c55b704894.senaatti.fi\/app\/uploads\/2021\/10\/Senaatti-THL-Tuomas-Pusa.jpg","width":1200,"height":800,"caption":"Vaikutusarvioinnissa hankkeen laadulliset vaikutukset yhteiskuntaan tehd\u00e4\u00e4n n\u00e4kyviksi, operatiivinen johtaja Tuomas Pusa kertoo. Pusa istuu K-rakennuksen henkil\u00f6kunnan kahvittelutilassa."},{"@type":"BreadcrumbList","@id":"https:\/\/testi-e2c55b704894.senaatti.fi\/sv\/aktuellt\/nyheter\/tuomas-pusa-har-utsetts-till-koncerndirektor-for-senatkoncernen-fran-1-7-2024\/#breadcrumb","itemListElement":[{"@type":"ListItem","position":1,"name":"Hem","item":"https:\/\/www.senaatti.fi\/sv\/"},{"@type":"ListItem","position":2,"name":"Tuomas Pusa har utsetts till koncerndirekt\u00f6r f\u00f6r Senatkoncernen fr\u00e5n 1.7.2024"}]},{"@type":"WebSite","@id":"https:\/\/www.senaatti.fi\/#website","url":"https:\/\/www.senaatti.fi\/","name":"Senaatti","description":"Just another WordPress site","publisher":{"@id":"https:\/\/www.senaatti.fi\/#organization"},"potentialAction":[{"@type":"SearchAction","target":{"@type":"EntryPoint","urlTemplate":"https:\/\/www.senaatti.fi\/?s={search_term_string}"},"query-input":{"@type":"PropertyValueSpecification","valueRequired":true,"valueName":"search_term_string"}}],"inLanguage":"sv-SE"},{"@type":"Organization","@id":"https:\/\/www.senaatti.fi\/#organization","name":"Senaatti-kiinteist\u00f6t","url":"https:\/\/www.senaatti.fi\/","logo":{"@type":"ImageObject","inLanguage":"sv-SE","@id":"https:\/\/www.senaatti.fi\/#\/schema\/logo\/image\/","url":"https:\/\/testi-e2c55b704894.senaatti.fi\/app\/uploads\/2021\/01\/Senaatti_FB_profiili_1200x630.png","contentUrl":"https:\/\/testi-e2c55b704894.senaatti.fi\/app\/uploads\/2021\/01\/Senaatti_FB_profiili_1200x630.png","width":1201,"height":631,"caption":"Senaatti-kiinteist\u00f6t"},"image":{"@id":"https:\/\/www.senaatti.fi\/#\/schema\/logo\/image\/"},"sameAs":["https:\/\/www.facebook.com\/SenaattiKiinteistot\/","https:\/\/x.com\/SenaattiK","https:\/\/www.linkedin.com\/company\/senate-properties","https:\/\/www.youtube.com\/channel\/UCunSUhMjKd5KqASPgBrndkQ"]},{"@type":"Person","@id":"https:\/\/www.senaatti.fi\/#\/schema\/person\/80de6083a34c1dad19140c28086a0ceb","name":"Andreas Ylijarvi","image":{"@type":"ImageObject","inLanguage":"sv-SE","@id":"https:\/\/www.senaatti.fi\/#\/schema\/person\/image\/","url":"https:\/\/secure.gravatar.com\/avatar\/393b74c0a25affaabc46f7c6721d9581?s=96&d=mm&r=g","contentUrl":"https:\/\/secure.gravatar.com\/avatar\/393b74c0a25affaabc46f7c6721d9581?s=96&d=mm&r=g","caption":"Andreas Ylijarvi"}}]}},"publishpress_future_action":{"enabled":false,"date":"2026-05-03 10:35:21","action":"change-status","newStatus":"draft","terms":[],"taxonomy":"category"},"_links":{"self":[{"href":"https:\/\/testi-e2c55b704894.senaatti.fi\/sv\/wp-json\/wp\/v2\/posts\/74350","targetHints":{"allow":["GET"]}}],"collection":[{"href":"https:\/\/testi-e2c55b704894.senaatti.fi\/sv\/wp-json\/wp\/v2\/posts"}],"about":[{"href":"https:\/\/testi-e2c55b704894.senaatti.fi\/sv\/wp-json\/wp\/v2\/types\/post"}],"author":[{"embeddable":true,"href":"https:\/\/testi-e2c55b704894.senaatti.fi\/sv\/wp-json\/wp\/v2\/users\/16"}],"replies":[{"embeddable":true,"href":"https:\/\/testi-e2c55b704894.senaatti.fi\/sv\/wp-json\/wp\/v2\/comments?post=74350"}],"version-history":[{"count":2,"href":"https:\/\/testi-e2c55b704894.senaatti.fi\/sv\/wp-json\/wp\/v2\/posts\/74350\/revisions"}],"predecessor-version":[{"id":74353,"href":"https:\/\/testi-e2c55b704894.senaatti.fi\/sv\/wp-json\/wp\/v2\/posts\/74350\/revisions\/74353"}],"wp:featuredmedia":[{"embeddable":true,"href":"https:\/\/testi-e2c55b704894.senaatti.fi\/sv\/wp-json\/wp\/v2\/media\/48241"}],"wp:attachment":[{"href":"https:\/\/testi-e2c55b704894.senaatti.fi\/sv\/wp-json\/wp\/v2\/media?parent=74350"}],"curies":[{"name":"wp","href":"https:\/\/api.w.org\/{rel}","templated":true}]}}