{"id":74902,"date":"2024-05-28T09:00:40","date_gmt":"2024-05-28T06:00:40","guid":{"rendered":"https:\/\/testi-e2c55b704894.senaatti.fi\/2024\/05\/28\/puolustuskiinteistoissa-ennatykselliset-investoinnit-maanpuolustuksen-tiloihin-tulevina-vuosina-rakentamisen-odotetaan-kiihtyvan-entisestaan\/"},"modified":"2024-07-03T08:49:37","modified_gmt":"2024-07-03T05:49:37","slug":"forsvarsfastigheter-investerade-rekordmycket-i-forsvarets-lokaler","status":"publish","type":"post","link":"https:\/\/testi-e2c55b704894.senaatti.fi\/sv\/aktuellt\/nyheter\/forsvarsfastigheter-investerade-rekordmycket-i-forsvarets-lokaler\/","title":{"rendered":"F\u00f6rsvarsfastigheter investerade rekordmycket i f\u00f6rsvarets lokaler \u2013 byggandet v\u00e4ntas ytterligare accelerera under de kommande \u00e5ren"},"content":{"rendered":"<p><strong>Statens investeringar i f\u00f6rsvarets lokaler h\u00e5ller i \u00e5r p\u00e5 att bli rekordstora, uppskattningsvis 250 miljoner euro. F\u00f6r n\u00e5gra \u00e5r sedan var det normala \u00e5rliga investeringsbeloppet 60\u201380 miljoner euro. Byggnadstakten ber\u00e4knas \u00f6ka ytterligare under de f\u00f6ljande \u00e5ren p\u00e5 grund av att s\u00e4kerhetssituationen i Europa f\u00f6r\u00e4ndras och p\u00e5 grund av Finlands milit\u00e4ra allians.<\/strong><\/p>\n<p>De viktigaste helheterna av F\u00f6rsvarsfastigheters byggprojekt som ansvarar f\u00f6r f\u00f6rsvarsf\u00f6rvaltningens lokaler \u00e4r infrastrukturen f\u00f6r att st\u00f6dja Flygvapnets F-35-jaktplan och marinens nya Pohjanmaa-klass, f\u00f6rb\u00e4ttringen av F\u00f6rsvarsmaktens skyddsrum, \u00f6kningen av lagringskapaciteten samt f\u00f6rnyandet av kasernerna runt om i Finland.<\/p>\n<p>\u201dP\u00e5 grund av det nuvarande s\u00e4kerhetsl\u00e4get har vi p\u00e5skyndat projekt som \u00f6kar F\u00f6rsvarsmaktens prestationsf\u00f6rm\u00e5ga. Under de kommande \u00e5ren f\u00f6rv\u00e4ntas ocks\u00e5 Nato och F\u00f6renta staterna investera i Finland\u201d, s\u00e4ger F\u00f6rsvarsfastigheters verkst\u00e4llande direkt\u00f6r <strong>Matias Warsta<\/strong>.<\/p>\n<p>Natos och F\u00f6renta staternas investeringar i fastigheter preciseras i takt med att den gemensamma f\u00f6rsvarsplaneringen framskrider. Finland har ocks\u00e5 m\u00f6jlighet att via Nato f\u00e5 finansiering f\u00f6r investeringar som gagnar alliansen.<\/p>\n<p>\u201dP\u00e5 grund av den f\u00e4rska alliansen och Finlands geopolitiska l\u00e4ge kommer det att g\u00f6ras betydande investeringar i Finland\u201d, f\u00f6rutsp\u00e5r Warsta.<\/p>\n<h2>Projekt inom f\u00f6rsvarsbyggande syssels\u00e4tter byggbranschen<\/h2>\n<p>F\u00f6rsvarsfastigheter bygger inte sj\u00e4lva, utan fungerar som byggherre i projekten. Byggprojekten gagnar s\u00e5ledes f\u00f6retagen inom branschen och st\u00e4rker syssels\u00e4ttningen inom branschen. Det \u00e4r ocks\u00e5 ekonomiskt f\u00f6rnuftigt att investera under den nuvarande konjunkturen inom byggsektorn.<\/p>\n<p>Vid F\u00f6rsvarsfastigheter har det observerats att byggbranschens akt\u00f6rers intresse av att delta i konkurrensuts\u00e4ttningen av kr\u00e4vande s\u00e4kerhetsprojekt har \u00f6kat. N\u00e4r man f\u00e5r flera anbud vid konkurrensuts\u00e4ttningen sjunker ocks\u00e5 prisniv\u00e5n.<\/p>\n<p>\u201dI byggprojekt h\u00e5lls en strikt kostnadsdisciplin ocks\u00e5 i \u00f6vrigt. Det \u00e4r till exempel f\u00f6rnuftigt att maximera lokaleffektiviteten s\u00e5 att det uppst\u00e5r s\u00e5 lite kostnader som m\u00f6jligt ocks\u00e5 p\u00e5 l\u00e5ng sikt\u201d, s\u00e4ger Warsta.<\/p>\n<p>F\u00f6rsvarsfastigheter \u00e4r ett statligt aff\u00e4rsverk och det grundades i b\u00f6rjan av 2021 f\u00f6r att svara f\u00f6r f\u00f6rsvarsf\u00f6rvaltningens fastigheter och tj\u00e4nster i anslutning till dem. F\u00f6rsvarsfastigheter h\u00f6r till Senatkoncernen.<\/p>\n<p><strong>Mer information:<\/strong><br \/>\nverkst\u00e4llande direkt\u00f6r Matias Warsta,<br \/>\n050 541 6582 tai matias.warsta@puolustuskiinteistot.fi<\/p>\n<p>&nbsp;<\/p>\n","protected":false},"excerpt":{"rendered":"<p>Statens investeringar i f\u00f6rsvarets lokaler h\u00e5ller i \u00e5r p\u00e5 att bli rekordstora, uppskattningsvis 250 miljoner euro. F\u00f6r n\u00e5gra \u00e5r sedan var det normala \u00e5rliga investeringsbeloppet 60\u201380 miljoner euro. Byggnadstakten ber\u00e4knas \u00f6ka ytterligare under de f\u00f6ljande \u00e5ren p\u00e5 grund av att s\u00e4kerhetssituationen i Europa f\u00f6r\u00e4ndras och p\u00e5 grund av Finlands milit\u00e4ra allians. De viktigaste helheterna av [&hellip;]<\/p>\n","protected":false},"author":76,"featured_media":74093,"comment_status":"open","ping_status":"open","sticky":false,"template":"","format":"standard","meta":{"_acf_changed":false,"footnotes":""},"class_list":["post-74902","post","type-post","status-publish","format-standard","has-post-thumbnail","hentry","senaatti_category-byggherreverksamhet","senaatti_category-forsvarsfastigheter","senaatti_type-meddelande"],"acf":[],"yoast_head":"<!-- This site is optimized with the Yoast SEO plugin v23.9 - https:\/\/yoast.com\/wordpress\/plugins\/seo\/ -->\n<title>F\u00f6rsvarsfastigheter investerade rekordmycket i f\u00f6rsvarets lokaler \u2013 byggandet v\u00e4ntas ytterligare accelerera under de kommande \u00e5ren - Senaatti<\/title>\n<meta name=\"description\" content=\"Statens investeringar i f\u00f6rsvarets lokaler h\u00e5ller i \u00e5r p\u00e5 att bli rekordstora, uppskattningsvis 250 miljoner euro. F\u00f6r n\u00e5gra \u00e5r sedan var det normala \u00e5rliga investeringsbeloppet 60\u201380 miljoner euro. Byggnadstakten ber\u00e4knas \u00f6ka ytterligare under de f\u00f6ljande \u00e5ren p\u00e5 grund av att s\u00e4kerhetssituationen i Europa f\u00f6r\u00e4ndras och p\u00e5 grund av Finlands milit\u00e4ra allians.\" \/>\n<meta name=\"robots\" content=\"noindex, follow, max-snippet:-1, max-image-preview:large, max-video-preview:-1\" \/>\n<meta property=\"og:locale\" content=\"sv_SE\" \/>\n<meta property=\"og:type\" content=\"article\" \/>\n<meta property=\"og:title\" content=\"F\u00f6rsvarsfastigheter investerade rekordmycket i f\u00f6rsvarets lokaler \u2013 byggandet v\u00e4ntas ytterligare accelerera under de kommande \u00e5ren - Senaatti\" \/>\n<meta property=\"og:description\" content=\"Statens investeringar i f\u00f6rsvarets lokaler h\u00e5ller i \u00e5r p\u00e5 att bli rekordstora, uppskattningsvis 250 miljoner euro. F\u00f6r n\u00e5gra \u00e5r sedan var det normala \u00e5rliga investeringsbeloppet 60\u201380 miljoner euro. Byggnadstakten ber\u00e4knas \u00f6ka ytterligare under de f\u00f6ljande \u00e5ren p\u00e5 grund av att s\u00e4kerhetssituationen i Europa f\u00f6r\u00e4ndras och p\u00e5 grund av Finlands milit\u00e4ra allians.\" \/>\n<meta property=\"og:url\" content=\"https:\/\/testi-e2c55b704894.senaatti.fi\/sv\/aktuellt\/nyheter\/forsvarsfastigheter-investerade-rekordmycket-i-forsvarets-lokaler\/\" \/>\n<meta property=\"og:site_name\" content=\"Senaatti\" \/>\n<meta property=\"article:publisher\" content=\"https:\/\/www.facebook.com\/SenaattiKiinteistot\/\" \/>\n<meta property=\"article:published_time\" content=\"2024-05-28T06:00:40+00:00\" \/>\n<meta property=\"article:modified_time\" content=\"2024-07-03T05:49:37+00:00\" \/>\n<meta property=\"og:image\" content=\"https:\/\/www.senaatti.fi\/app\/uploads\/2024\/05\/Rissala-kasarmi-Zentuuvo-Finland-Oy-web-1024x618.jpg\" \/>\n\t<meta property=\"og:image:width\" content=\"1024\" \/>\n\t<meta property=\"og:image:height\" content=\"618\" \/>\n\t<meta property=\"og:image:type\" content=\"image\/jpeg\" \/>\n<meta name=\"author\" content=\"leenasyrja\" \/>\n<meta name=\"twitter:card\" content=\"summary_large_image\" \/>\n<meta name=\"twitter:creator\" content=\"@SenaattiK\" \/>\n<meta name=\"twitter:site\" content=\"@SenaattiK\" \/>\n<meta name=\"twitter:label1\" content=\"Skriven av\" \/>\n\t<meta name=\"twitter:data1\" content=\"leenasyrja\" \/>\n\t<meta name=\"twitter:label2\" content=\"Ber\u00e4knad l\u00e4stid\" \/>\n\t<meta name=\"twitter:data2\" content=\"3 minuter\" \/>\n<script type=\"application\/ld+json\" class=\"yoast-schema-graph\">{\"@context\":\"https:\/\/schema.org\",\"@graph\":[{\"@type\":\"Article\",\"@id\":\"https:\/\/testi-e2c55b704894.senaatti.fi\/sv\/aktuellt\/nyheter\/forsvarsfastigheter-investerade-rekordmycket-i-forsvarets-lokaler\/#article\",\"isPartOf\":{\"@id\":\"https:\/\/testi-e2c55b704894.senaatti.fi\/sv\/aktuellt\/nyheter\/forsvarsfastigheter-investerade-rekordmycket-i-forsvarets-lokaler\/\"},\"author\":{\"name\":\"leenasyrja\",\"@id\":\"https:\/\/www.senaatti.fi\/#\/schema\/person\/008919799a6cd64a6eb26916b1b6862a\"},\"headline\":\"F\u00f6rsvarsfastigheter investerade rekordmycket i f\u00f6rsvarets lokaler \u2013 byggandet v\u00e4ntas ytterligare accelerera under de kommande \u00e5ren\",\"datePublished\":\"2024-05-28T06:00:40+00:00\",\"dateModified\":\"2024-07-03T05:49:37+00:00\",\"mainEntityOfPage\":{\"@id\":\"https:\/\/testi-e2c55b704894.senaatti.fi\/sv\/aktuellt\/nyheter\/forsvarsfastigheter-investerade-rekordmycket-i-forsvarets-lokaler\/\"},\"wordCount\":404,\"commentCount\":0,\"publisher\":{\"@id\":\"https:\/\/www.senaatti.fi\/#organization\"},\"image\":{\"@id\":\"https:\/\/testi-e2c55b704894.senaatti.fi\/sv\/aktuellt\/nyheter\/forsvarsfastigheter-investerade-rekordmycket-i-forsvarets-lokaler\/#primaryimage\"},\"thumbnailUrl\":\"https:\/\/testi-e2c55b704894.senaatti.fi\/app\/uploads\/2024\/05\/Rissala-kasarmi-Zentuuvo-Finland-Oy-web.jpg\",\"articleSection\":[\"Nyhet\"],\"inLanguage\":\"sv-SE\"},{\"@type\":\"WebPage\",\"@id\":\"https:\/\/testi-e2c55b704894.senaatti.fi\/sv\/aktuellt\/nyheter\/forsvarsfastigheter-investerade-rekordmycket-i-forsvarets-lokaler\/\",\"url\":\"https:\/\/testi-e2c55b704894.senaatti.fi\/sv\/aktuellt\/nyheter\/forsvarsfastigheter-investerade-rekordmycket-i-forsvarets-lokaler\/\",\"name\":\"F\u00f6rsvarsfastigheter investerade rekordmycket i f\u00f6rsvarets lokaler \u2013 byggandet v\u00e4ntas ytterligare accelerera under de kommande \u00e5ren - Senaatti\",\"isPartOf\":{\"@id\":\"https:\/\/www.senaatti.fi\/#website\"},\"primaryImageOfPage\":{\"@id\":\"https:\/\/testi-e2c55b704894.senaatti.fi\/sv\/aktuellt\/nyheter\/forsvarsfastigheter-investerade-rekordmycket-i-forsvarets-lokaler\/#primaryimage\"},\"image\":{\"@id\":\"https:\/\/testi-e2c55b704894.senaatti.fi\/sv\/aktuellt\/nyheter\/forsvarsfastigheter-investerade-rekordmycket-i-forsvarets-lokaler\/#primaryimage\"},\"thumbnailUrl\":\"https:\/\/testi-e2c55b704894.senaatti.fi\/app\/uploads\/2024\/05\/Rissala-kasarmi-Zentuuvo-Finland-Oy-web.jpg\",\"datePublished\":\"2024-05-28T06:00:40+00:00\",\"dateModified\":\"2024-07-03T05:49:37+00:00\",\"description\":\"Statens investeringar i f\u00f6rsvarets lokaler h\u00e5ller i \u00e5r p\u00e5 att bli rekordstora, uppskattningsvis 250 miljoner euro. F\u00f6r n\u00e5gra \u00e5r sedan var det normala \u00e5rliga investeringsbeloppet 60\u201380 miljoner euro. Byggnadstakten ber\u00e4knas \u00f6ka ytterligare under de f\u00f6ljande \u00e5ren p\u00e5 grund av att s\u00e4kerhetssituationen i Europa f\u00f6r\u00e4ndras och p\u00e5 grund av Finlands milit\u00e4ra allians.\",\"breadcrumb\":{\"@id\":\"https:\/\/testi-e2c55b704894.senaatti.fi\/sv\/aktuellt\/nyheter\/forsvarsfastigheter-investerade-rekordmycket-i-forsvarets-lokaler\/#breadcrumb\"},\"inLanguage\":\"sv-SE\",\"potentialAction\":[{\"@type\":\"ReadAction\",\"target\":[\"https:\/\/testi-e2c55b704894.senaatti.fi\/sv\/aktuellt\/nyheter\/forsvarsfastigheter-investerade-rekordmycket-i-forsvarets-lokaler\/\"]}]},{\"@type\":\"ImageObject\",\"inLanguage\":\"sv-SE\",\"@id\":\"https:\/\/testi-e2c55b704894.senaatti.fi\/sv\/aktuellt\/nyheter\/forsvarsfastigheter-investerade-rekordmycket-i-forsvarets-lokaler\/#primaryimage\",\"url\":\"https:\/\/testi-e2c55b704894.senaatti.fi\/app\/uploads\/2024\/05\/Rissala-kasarmi-Zentuuvo-Finland-Oy-web.jpg\",\"contentUrl\":\"https:\/\/testi-e2c55b704894.senaatti.fi\/app\/uploads\/2024\/05\/Rissala-kasarmi-Zentuuvo-Finland-Oy-web.jpg\",\"width\":1200,\"height\":724,\"caption\":\"Valkoinen kasarmirakennus, etualalla k\u00e4velee kaksi varusmiest\u00e4.\"},{\"@type\":\"BreadcrumbList\",\"@id\":\"https:\/\/testi-e2c55b704894.senaatti.fi\/sv\/aktuellt\/nyheter\/forsvarsfastigheter-investerade-rekordmycket-i-forsvarets-lokaler\/#breadcrumb\",\"itemListElement\":[{\"@type\":\"ListItem\",\"position\":1,\"name\":\"Hem\",\"item\":\"https:\/\/www.senaatti.fi\/sv\/\"},{\"@type\":\"ListItem\",\"position\":2,\"name\":\"F\u00f6rsvarsfastigheter investerade rekordmycket i f\u00f6rsvarets lokaler \u2013 byggandet v\u00e4ntas ytterligare accelerera under de kommande \u00e5ren\"}]},{\"@type\":\"WebSite\",\"@id\":\"https:\/\/www.senaatti.fi\/#website\",\"url\":\"https:\/\/www.senaatti.fi\/\",\"name\":\"Senaatti\",\"description\":\"Just another WordPress site\",\"publisher\":{\"@id\":\"https:\/\/www.senaatti.fi\/#organization\"},\"potentialAction\":[{\"@type\":\"SearchAction\",\"target\":{\"@type\":\"EntryPoint\",\"urlTemplate\":\"https:\/\/www.senaatti.fi\/?s={search_term_string}\"},\"query-input\":{\"@type\":\"PropertyValueSpecification\",\"valueRequired\":true,\"valueName\":\"search_term_string\"}}],\"inLanguage\":\"sv-SE\"},{\"@type\":\"Organization\",\"@id\":\"https:\/\/www.senaatti.fi\/#organization\",\"name\":\"Senaatti-kiinteist\u00f6t\",\"url\":\"https:\/\/www.senaatti.fi\/\",\"logo\":{\"@type\":\"ImageObject\",\"inLanguage\":\"sv-SE\",\"@id\":\"https:\/\/www.senaatti.fi\/#\/schema\/logo\/image\/\",\"url\":\"https:\/\/testi-e2c55b704894.senaatti.fi\/app\/uploads\/2021\/01\/Senaatti_FB_profiili_1200x630.png\",\"contentUrl\":\"https:\/\/testi-e2c55b704894.senaatti.fi\/app\/uploads\/2021\/01\/Senaatti_FB_profiili_1200x630.png\",\"width\":1201,\"height\":631,\"caption\":\"Senaatti-kiinteist\u00f6t\"},\"image\":{\"@id\":\"https:\/\/www.senaatti.fi\/#\/schema\/logo\/image\/\"},\"sameAs\":[\"https:\/\/www.facebook.com\/SenaattiKiinteistot\/\",\"https:\/\/x.com\/SenaattiK\",\"https:\/\/www.linkedin.com\/company\/senate-properties\",\"https:\/\/www.youtube.com\/channel\/UCunSUhMjKd5KqASPgBrndkQ\"]},{\"@type\":\"Person\",\"@id\":\"https:\/\/www.senaatti.fi\/#\/schema\/person\/008919799a6cd64a6eb26916b1b6862a\",\"name\":\"leenasyrja\",\"image\":{\"@type\":\"ImageObject\",\"inLanguage\":\"sv-SE\",\"@id\":\"https:\/\/www.senaatti.fi\/#\/schema\/person\/image\/\",\"url\":\"https:\/\/secure.gravatar.com\/avatar\/3a1bdcacb00aa2844cafa99b5569da25?s=96&d=mm&r=g\",\"contentUrl\":\"https:\/\/secure.gravatar.com\/avatar\/3a1bdcacb00aa2844cafa99b5569da25?s=96&d=mm&r=g\",\"caption\":\"leenasyrja\"}}]}<\/script>\n<!-- \/ Yoast SEO plugin. -->","yoast_head_json":{"title":"F\u00f6rsvarsfastigheter investerade rekordmycket i f\u00f6rsvarets lokaler \u2013 byggandet v\u00e4ntas ytterligare accelerera under de kommande \u00e5ren - Senaatti","description":"Statens investeringar i f\u00f6rsvarets lokaler h\u00e5ller i \u00e5r p\u00e5 att bli rekordstora, uppskattningsvis 250 miljoner euro. F\u00f6r n\u00e5gra \u00e5r sedan var det normala \u00e5rliga investeringsbeloppet 60\u201380 miljoner euro. Byggnadstakten ber\u00e4knas \u00f6ka ytterligare under de f\u00f6ljande \u00e5ren p\u00e5 grund av att s\u00e4kerhetssituationen i Europa f\u00f6r\u00e4ndras och p\u00e5 grund av Finlands milit\u00e4ra allians.","robots":{"index":"noindex","follow":"follow","max-snippet":"max-snippet:-1","max-image-preview":"max-image-preview:large","max-video-preview":"max-video-preview:-1"},"og_locale":"sv_SE","og_type":"article","og_title":"F\u00f6rsvarsfastigheter investerade rekordmycket i f\u00f6rsvarets lokaler \u2013 byggandet v\u00e4ntas ytterligare accelerera under de kommande \u00e5ren - Senaatti","og_description":"Statens investeringar i f\u00f6rsvarets lokaler h\u00e5ller i \u00e5r p\u00e5 att bli rekordstora, uppskattningsvis 250 miljoner euro. F\u00f6r n\u00e5gra \u00e5r sedan var det normala \u00e5rliga investeringsbeloppet 60\u201380 miljoner euro. Byggnadstakten ber\u00e4knas \u00f6ka ytterligare under de f\u00f6ljande \u00e5ren p\u00e5 grund av att s\u00e4kerhetssituationen i Europa f\u00f6r\u00e4ndras och p\u00e5 grund av Finlands milit\u00e4ra allians.","og_url":"https:\/\/testi-e2c55b704894.senaatti.fi\/sv\/aktuellt\/nyheter\/forsvarsfastigheter-investerade-rekordmycket-i-forsvarets-lokaler\/","og_site_name":"Senaatti","article_publisher":"https:\/\/www.facebook.com\/SenaattiKiinteistot\/","article_published_time":"2024-05-28T06:00:40+00:00","article_modified_time":"2024-07-03T05:49:37+00:00","og_image":[{"width":1024,"height":618,"url":"https:\/\/www.senaatti.fi\/app\/uploads\/2024\/05\/Rissala-kasarmi-Zentuuvo-Finland-Oy-web-1024x618.jpg","type":"image\/jpeg"}],"author":"leenasyrja","twitter_card":"summary_large_image","twitter_creator":"@SenaattiK","twitter_site":"@SenaattiK","twitter_misc":{"Skriven av":"leenasyrja","Ber\u00e4knad l\u00e4stid":"3 minuter"},"schema":{"@context":"https:\/\/schema.org","@graph":[{"@type":"Article","@id":"https:\/\/testi-e2c55b704894.senaatti.fi\/sv\/aktuellt\/nyheter\/forsvarsfastigheter-investerade-rekordmycket-i-forsvarets-lokaler\/#article","isPartOf":{"@id":"https:\/\/testi-e2c55b704894.senaatti.fi\/sv\/aktuellt\/nyheter\/forsvarsfastigheter-investerade-rekordmycket-i-forsvarets-lokaler\/"},"author":{"name":"leenasyrja","@id":"https:\/\/www.senaatti.fi\/#\/schema\/person\/008919799a6cd64a6eb26916b1b6862a"},"headline":"F\u00f6rsvarsfastigheter investerade rekordmycket i f\u00f6rsvarets lokaler \u2013 byggandet v\u00e4ntas ytterligare accelerera under de kommande \u00e5ren","datePublished":"2024-05-28T06:00:40+00:00","dateModified":"2024-07-03T05:49:37+00:00","mainEntityOfPage":{"@id":"https:\/\/testi-e2c55b704894.senaatti.fi\/sv\/aktuellt\/nyheter\/forsvarsfastigheter-investerade-rekordmycket-i-forsvarets-lokaler\/"},"wordCount":404,"commentCount":0,"publisher":{"@id":"https:\/\/www.senaatti.fi\/#organization"},"image":{"@id":"https:\/\/testi-e2c55b704894.senaatti.fi\/sv\/aktuellt\/nyheter\/forsvarsfastigheter-investerade-rekordmycket-i-forsvarets-lokaler\/#primaryimage"},"thumbnailUrl":"https:\/\/testi-e2c55b704894.senaatti.fi\/app\/uploads\/2024\/05\/Rissala-kasarmi-Zentuuvo-Finland-Oy-web.jpg","articleSection":["Nyhet"],"inLanguage":"sv-SE"},{"@type":"WebPage","@id":"https:\/\/testi-e2c55b704894.senaatti.fi\/sv\/aktuellt\/nyheter\/forsvarsfastigheter-investerade-rekordmycket-i-forsvarets-lokaler\/","url":"https:\/\/testi-e2c55b704894.senaatti.fi\/sv\/aktuellt\/nyheter\/forsvarsfastigheter-investerade-rekordmycket-i-forsvarets-lokaler\/","name":"F\u00f6rsvarsfastigheter investerade rekordmycket i f\u00f6rsvarets lokaler \u2013 byggandet v\u00e4ntas ytterligare accelerera under de kommande \u00e5ren - Senaatti","isPartOf":{"@id":"https:\/\/www.senaatti.fi\/#website"},"primaryImageOfPage":{"@id":"https:\/\/testi-e2c55b704894.senaatti.fi\/sv\/aktuellt\/nyheter\/forsvarsfastigheter-investerade-rekordmycket-i-forsvarets-lokaler\/#primaryimage"},"image":{"@id":"https:\/\/testi-e2c55b704894.senaatti.fi\/sv\/aktuellt\/nyheter\/forsvarsfastigheter-investerade-rekordmycket-i-forsvarets-lokaler\/#primaryimage"},"thumbnailUrl":"https:\/\/testi-e2c55b704894.senaatti.fi\/app\/uploads\/2024\/05\/Rissala-kasarmi-Zentuuvo-Finland-Oy-web.jpg","datePublished":"2024-05-28T06:00:40+00:00","dateModified":"2024-07-03T05:49:37+00:00","description":"Statens investeringar i f\u00f6rsvarets lokaler h\u00e5ller i \u00e5r p\u00e5 att bli rekordstora, uppskattningsvis 250 miljoner euro. F\u00f6r n\u00e5gra \u00e5r sedan var det normala \u00e5rliga investeringsbeloppet 60\u201380 miljoner euro. Byggnadstakten ber\u00e4knas \u00f6ka ytterligare under de f\u00f6ljande \u00e5ren p\u00e5 grund av att s\u00e4kerhetssituationen i Europa f\u00f6r\u00e4ndras och p\u00e5 grund av Finlands milit\u00e4ra allians.","breadcrumb":{"@id":"https:\/\/testi-e2c55b704894.senaatti.fi\/sv\/aktuellt\/nyheter\/forsvarsfastigheter-investerade-rekordmycket-i-forsvarets-lokaler\/#breadcrumb"},"inLanguage":"sv-SE","potentialAction":[{"@type":"ReadAction","target":["https:\/\/testi-e2c55b704894.senaatti.fi\/sv\/aktuellt\/nyheter\/forsvarsfastigheter-investerade-rekordmycket-i-forsvarets-lokaler\/"]}]},{"@type":"ImageObject","inLanguage":"sv-SE","@id":"https:\/\/testi-e2c55b704894.senaatti.fi\/sv\/aktuellt\/nyheter\/forsvarsfastigheter-investerade-rekordmycket-i-forsvarets-lokaler\/#primaryimage","url":"https:\/\/testi-e2c55b704894.senaatti.fi\/app\/uploads\/2024\/05\/Rissala-kasarmi-Zentuuvo-Finland-Oy-web.jpg","contentUrl":"https:\/\/testi-e2c55b704894.senaatti.fi\/app\/uploads\/2024\/05\/Rissala-kasarmi-Zentuuvo-Finland-Oy-web.jpg","width":1200,"height":724,"caption":"Valkoinen kasarmirakennus, etualalla k\u00e4velee kaksi varusmiest\u00e4."},{"@type":"BreadcrumbList","@id":"https:\/\/testi-e2c55b704894.senaatti.fi\/sv\/aktuellt\/nyheter\/forsvarsfastigheter-investerade-rekordmycket-i-forsvarets-lokaler\/#breadcrumb","itemListElement":[{"@type":"ListItem","position":1,"name":"Hem","item":"https:\/\/www.senaatti.fi\/sv\/"},{"@type":"ListItem","position":2,"name":"F\u00f6rsvarsfastigheter investerade rekordmycket i f\u00f6rsvarets lokaler \u2013 byggandet v\u00e4ntas ytterligare accelerera under de kommande \u00e5ren"}]},{"@type":"WebSite","@id":"https:\/\/www.senaatti.fi\/#website","url":"https:\/\/www.senaatti.fi\/","name":"Senaatti","description":"Just another WordPress site","publisher":{"@id":"https:\/\/www.senaatti.fi\/#organization"},"potentialAction":[{"@type":"SearchAction","target":{"@type":"EntryPoint","urlTemplate":"https:\/\/www.senaatti.fi\/?s={search_term_string}"},"query-input":{"@type":"PropertyValueSpecification","valueRequired":true,"valueName":"search_term_string"}}],"inLanguage":"sv-SE"},{"@type":"Organization","@id":"https:\/\/www.senaatti.fi\/#organization","name":"Senaatti-kiinteist\u00f6t","url":"https:\/\/www.senaatti.fi\/","logo":{"@type":"ImageObject","inLanguage":"sv-SE","@id":"https:\/\/www.senaatti.fi\/#\/schema\/logo\/image\/","url":"https:\/\/testi-e2c55b704894.senaatti.fi\/app\/uploads\/2021\/01\/Senaatti_FB_profiili_1200x630.png","contentUrl":"https:\/\/testi-e2c55b704894.senaatti.fi\/app\/uploads\/2021\/01\/Senaatti_FB_profiili_1200x630.png","width":1201,"height":631,"caption":"Senaatti-kiinteist\u00f6t"},"image":{"@id":"https:\/\/www.senaatti.fi\/#\/schema\/logo\/image\/"},"sameAs":["https:\/\/www.facebook.com\/SenaattiKiinteistot\/","https:\/\/x.com\/SenaattiK","https:\/\/www.linkedin.com\/company\/senate-properties","https:\/\/www.youtube.com\/channel\/UCunSUhMjKd5KqASPgBrndkQ"]},{"@type":"Person","@id":"https:\/\/www.senaatti.fi\/#\/schema\/person\/008919799a6cd64a6eb26916b1b6862a","name":"leenasyrja","image":{"@type":"ImageObject","inLanguage":"sv-SE","@id":"https:\/\/www.senaatti.fi\/#\/schema\/person\/image\/","url":"https:\/\/secure.gravatar.com\/avatar\/3a1bdcacb00aa2844cafa99b5569da25?s=96&d=mm&r=g","contentUrl":"https:\/\/secure.gravatar.com\/avatar\/3a1bdcacb00aa2844cafa99b5569da25?s=96&d=mm&r=g","caption":"leenasyrja"}}]}},"publishpress_future_action":{"enabled":false,"date":"2026-05-03 10:34:59","action":"change-status","newStatus":"draft","terms":[],"taxonomy":"category"},"_links":{"self":[{"href":"https:\/\/testi-e2c55b704894.senaatti.fi\/sv\/wp-json\/wp\/v2\/posts\/74902","targetHints":{"allow":["GET"]}}],"collection":[{"href":"https:\/\/testi-e2c55b704894.senaatti.fi\/sv\/wp-json\/wp\/v2\/posts"}],"about":[{"href":"https:\/\/testi-e2c55b704894.senaatti.fi\/sv\/wp-json\/wp\/v2\/types\/post"}],"author":[{"embeddable":true,"href":"https:\/\/testi-e2c55b704894.senaatti.fi\/sv\/wp-json\/wp\/v2\/users\/76"}],"replies":[{"embeddable":true,"href":"https:\/\/testi-e2c55b704894.senaatti.fi\/sv\/wp-json\/wp\/v2\/comments?post=74902"}],"version-history":[{"count":1,"href":"https:\/\/testi-e2c55b704894.senaatti.fi\/sv\/wp-json\/wp\/v2\/posts\/74902\/revisions"}],"predecessor-version":[{"id":74904,"href":"https:\/\/testi-e2c55b704894.senaatti.fi\/sv\/wp-json\/wp\/v2\/posts\/74902\/revisions\/74904"}],"wp:featuredmedia":[{"embeddable":true,"href":"https:\/\/testi-e2c55b704894.senaatti.fi\/sv\/wp-json\/wp\/v2\/media\/74093"}],"wp:attachment":[{"href":"https:\/\/testi-e2c55b704894.senaatti.fi\/sv\/wp-json\/wp\/v2\/media?parent=74902"}],"curies":[{"name":"wp","href":"https:\/\/api.w.org\/{rel}","templated":true}]}}