{"id":76451,"date":"2024-04-24T13:02:28","date_gmt":"2024-04-24T10:02:28","guid":{"rendered":"https:\/\/testi-e2c55b704894.senaatti.fi\/aktuellt\/nyheter\/senaatti-toteuttaa-40-miljoonan-euron-kustannussaastot-valtion-toimitilakustannuksiin\/"},"modified":"2024-09-25T10:50:13","modified_gmt":"2024-09-25T07:50:13","slug":"senatfastigheter-genomfor-kostnadsbesparingar-pa-40-miljoner-euro-i-statens-lokalkostnader","status":"publish","type":"post","link":"https:\/\/testi-e2c55b704894.senaatti.fi\/sv\/aktuellt\/nyheter\/senatfastigheter-genomfor-kostnadsbesparingar-pa-40-miljoner-euro-i-statens-lokalkostnader\/","title":{"rendered":"Senatfastigheter genomf\u00f6r kostnadsbesparingar p\u00e5 40 miljoner euro i statens lokalkostnader"},"content":{"rendered":"<p><strong>Senatkoncernen, som ansvarar f\u00f6r statens fastigheter och lokaler, minskar lokalkostnaderna f\u00f6r statens \u00e4mbetsverk och inr\u00e4ttningar med cirka 40 miljoner euro. M\u00e5let \u00e4r en s\u00e4nkning av lokalkostnaderna, varav cirka h\u00e4lften genomf\u00f6rs genom effektivisering av Senatfastigheters verksamhet och h\u00e4lften genom projekt f\u00f6r \u00e4ndring av lokaler som genomf\u00f6rs tillsammans med \u00e4mbetsverk och inr\u00e4ttningar.<\/strong><\/p>\n<p>Regeringens beslut om produktivitets\u00e5tg\u00e4rder inom f\u00f6rvaltningen minskar omkostnadsanslagen f\u00f6r statens \u00e4mbetsverk och inr\u00e4ttningar med cirka 400 miljoner euro i huvudsak under \u00e5ren 2025 och 2026. F\u00f6r att st\u00f6dja uppn\u00e5endet av m\u00e5len har Senatkoncernen utvecklat sin egen produktivitet och tillsammans med \u00e4mbetsverken och inr\u00e4ttningarna bereder Senatkoncernen besparingar i lokalkostnaderna p\u00e5 sammanlagt 40 miljoner euro som genomf\u00f6rs under \u00e5ren 2025\u20132026.<\/p>\n<p>I statens sj\u00e4lvkostnadsbaserade hyressystem t\u00e4cker hyrorna kostnaderna f\u00f6r fastigheter och lokaler. Senatkoncernen inledde ett omfattande energisparprogram i statens fastigheter h\u00f6sten 2022 och ett utvecklingsprogram f\u00f6r upphandling sommaren 2023. De besparingar som gjorts g\u00f6r det nu m\u00f6jligt att s\u00e4nka statens hyror med sammanlagt 20 miljoner euro fr\u00e5n ing\u00e5ngen av 2025. S\u00e4ttet att genomf\u00f6ra och rikta hyress\u00e4nkningarna bereds under finansministeriets styrning.<\/p>\n<p>Ett ytterligare m\u00e5l \u00e4r att tillsammans med statens \u00e4mbetsverk och inr\u00e4ttningar genomf\u00f6ra projekt f\u00f6r \u00e4ndring av lokaler som leder till best\u00e5ende besparingar p\u00e5 sammanlagt cirka 20 miljoner euro i lokalkostnader. Det viktigaste s\u00e4ttet \u00e4r att de akt\u00f6rer som anv\u00e4nder samma typ av kontorslokaler \u00f6verg\u00e5r till statens gemensamma arbetsmilj\u00f6er som genomf\u00f6rs p\u00e5 olika h\u00e5ll i Finland. \u00c4ndringarna m\u00f6jligg\u00f6r h\u00f6gkvalitativa och moderna lokaler d\u00e4r anv\u00e4ndningen av lokalerna \u00e4r effektivare. Samtidigt minskas on\u00f6dig energianv\u00e4ndning och on\u00f6diga utsl\u00e4pp. St\u00f6rsta delen av besparingarna kan genomf\u00f6ras redan under 2025 och en del f\u00f6re utg\u00e5ngen av 2026.<\/p>\n<p>De centrala m\u00e5len f\u00f6r Senatfastigheter, som styrs av finansministeriet, har sedan 2015 varit att \u00e5stadkomma inbesparingar i lokalkostnaderna i samarbete med de statliga kunderna. Senatfastigheter har \u00f6verskridit m\u00e5len och genom projekten f\u00f6r \u00e4ndring av lokalerna har man sammantaget uppn\u00e5tt besparingar p\u00e5 n\u00e4rmare 800 miljoner euro i \u00e4mbetsverkens och inr\u00e4ttningarnas lokalkostnader. I praktiken har st\u00f6rsta delen av besparingarna \u00e5stadkommits genom \u00e4ndringar d\u00e4r anv\u00e4ndningen av lokalerna effektiviserats i enlighet med statens lokalstrategi genom att man \u00f6verg\u00e5tt fr\u00e5n stora rumskontor till moderna aktivitetsbaserade milj\u00f6er. Besparingarna m\u00f6jliggjorde en utveckling d\u00e4r man samtidigt investerade n\u00e4stan tre miljarder euro i statens lokaler och f\u00f6rhindrade att lokalkostnaderna steg under \u00e5tta \u00e5r, dvs. 2015\u20132022. Sedan 2023 har lokalkostnaderna stigit p\u00e5 grund av den rekordh\u00f6ga inflationen och exceptionella beredskaps- och s\u00e4kerhetsinvesteringar.<\/p>\n<h2>Rekordstora byggnadsinvesteringar p\u00e5g\u00e5r \u2013 strikt kostnadskontroll genom noggrann styrning<\/h2>\n<p>Statens byggnadsinvesteringar \u00e4r f\u00f6r n\u00e4rvarande dubbelt s\u00e5 stora som under tidigare \u00e5r, och den rekordh\u00f6ga byggnadstakten kommer att forts\u00e4tta under de kommande \u00e5ren, n\u00e4r det g\u00f6rs betydande investeringar i bland annat F\u00f6rsvarsmaktens, Gr\u00e4nsbevakningsv\u00e4sendets och Polisens lokaler.<\/p>\n<p>I ett sj\u00e4lvkostnadsbaserat hyressystem inverkar investeringskostnaderna p\u00e5 objektets framtida hyresniv\u00e5. F\u00f6r att st\u00e4vja statens lokalkostnader har Senatkoncernen utvecklat en projektstyrningsmodell som tillsammans med kund\u00e4mbetsverken syftar till kostnadseffektiva och \u00e4ndam\u00e5lsenliga projektgenomf\u00f6randen, effektiviserar kostnadsstyrningen ytterligare och p\u00e5 s\u00e5 s\u00e4tt bromsar \u00f6kningen av lokalkostnaderna ocks\u00e5 i framtiden.<\/p>\n<h2>Cirka 10 % av de offentliga lokalerna \u00e4gs av staten<\/h2>\n<p>Statens lokaler utg\u00f6r cirka 10 procent av de offentliga lokalerna.<\/p>\n<p>Statens lokalbest\u00e5nd omfattar sammanlagt 5 miljoner kvadratmeter. Hela den offentliga sektorns lokalbest\u00e5nd uppg\u00e5r till sammanlagt cirka 70 miljoner kvadratmeter: kommunerna har lokaler sammanlagt cirka 55 miljoner kvadratmeter och v\u00e4lf\u00e4rdsomr\u00e5dena cirka 11 miljoner kvadratmeter.<\/p>\n<p>Statens lokalkostnader uppgick 2023 till cirka 874 miljoner euro. Lokalkostnadernas andel av statens omkostnader var cirka 7 % \u00e5r 2023.<\/p>\n","protected":false},"excerpt":{"rendered":"<p>Senatkoncernen, som ansvarar f\u00f6r statens fastigheter och lokaler, minskar lokalkostnaderna f\u00f6r statens \u00e4mbetsverk och inr\u00e4ttningar med cirka 40 miljoner euro. M\u00e5let \u00e4r en s\u00e4nkning av lokalkostnaderna, varav cirka h\u00e4lften genomf\u00f6rs genom effektivisering av Senatfastigheters verksamhet och h\u00e4lften genom projekt f\u00f6r \u00e4ndring av lokaler som genomf\u00f6rs tillsammans med \u00e4mbetsverk och inr\u00e4ttningar. Regeringens beslut om produktivitets\u00e5tg\u00e4rder inom [&hellip;]<\/p>\n","protected":false},"author":16,"featured_media":72506,"comment_status":"open","ping_status":"open","sticky":false,"template":"","format":"standard","meta":{"_acf_changed":false,"footnotes":""},"class_list":["post-76451","post","type-post","status-publish","format-standard","has-post-thumbnail","hentry","senaatti_category-forsvarsfastigheter","senaatti_type-meddelande"],"acf":[],"yoast_head":"<!-- This site is optimized with the Yoast SEO plugin v23.9 - https:\/\/yoast.com\/wordpress\/plugins\/seo\/ -->\n<title>Senatfastigheter genomf\u00f6r kostnadsbesparingar p\u00e5 40 miljoner euro i statens lokalkostnader - Senaatti<\/title>\n<meta name=\"description\" content=\"Senatkoncernen, som ansvarar f\u00f6r statens fastigheter och lokaler, minskar lokalkostnaderna f\u00f6r statens \u00e4mbetsverk och inr\u00e4ttningar med cirka 40 miljoner\" \/>\n<meta name=\"robots\" content=\"noindex, follow, max-snippet:-1, max-image-preview:large, max-video-preview:-1\" \/>\n<meta property=\"og:locale\" content=\"sv_SE\" \/>\n<meta property=\"og:type\" content=\"article\" \/>\n<meta property=\"og:title\" content=\"Senatfastigheter genomf\u00f6r kostnadsbesparingar p\u00e5 40 miljoner euro i statens lokalkostnader - Senaatti\" \/>\n<meta property=\"og:description\" content=\"Senatkoncernen, som ansvarar f\u00f6r statens fastigheter och lokaler, minskar lokalkostnaderna f\u00f6r statens \u00e4mbetsverk och inr\u00e4ttningar med cirka 40 miljoner\" \/>\n<meta property=\"og:url\" content=\"https:\/\/testi-e2c55b704894.senaatti.fi\/sv\/aktuellt\/nyheter\/senatfastigheter-genomfor-kostnadsbesparingar-pa-40-miljoner-euro-i-statens-lokalkostnader\/\" \/>\n<meta property=\"og:site_name\" content=\"Senaatti\" \/>\n<meta property=\"article:publisher\" content=\"https:\/\/www.facebook.com\/SenaattiKiinteistot\/\" \/>\n<meta property=\"article:published_time\" content=\"2024-04-24T10:02:28+00:00\" \/>\n<meta property=\"article:modified_time\" content=\"2024-09-25T07:50:13+00:00\" \/>\n<meta property=\"og:image\" content=\"https:\/\/www.senaatti.fi\/app\/uploads\/2024\/04\/SENAATTI_KHO_J2A6910-1024x683.jpg\" \/>\n\t<meta property=\"og:image:width\" content=\"1024\" \/>\n\t<meta property=\"og:image:height\" content=\"683\" \/>\n\t<meta property=\"og:image:type\" content=\"image\/jpeg\" \/>\n<meta name=\"author\" content=\"Andreas Ylijarvi\" \/>\n<meta name=\"twitter:card\" content=\"summary_large_image\" \/>\n<meta name=\"twitter:creator\" content=\"@SenaattiK\" \/>\n<meta name=\"twitter:site\" content=\"@SenaattiK\" \/>\n<meta name=\"twitter:label1\" content=\"Skriven av\" \/>\n\t<meta name=\"twitter:data1\" content=\"Andreas Ylijarvi\" \/>\n\t<meta name=\"twitter:label2\" content=\"Ber\u00e4knad l\u00e4stid\" \/>\n\t<meta name=\"twitter:data2\" content=\"4 minuter\" \/>\n<script type=\"application\/ld+json\" class=\"yoast-schema-graph\">{\"@context\":\"https:\/\/schema.org\",\"@graph\":[{\"@type\":\"Article\",\"@id\":\"https:\/\/testi-e2c55b704894.senaatti.fi\/sv\/aktuellt\/nyheter\/senatfastigheter-genomfor-kostnadsbesparingar-pa-40-miljoner-euro-i-statens-lokalkostnader\/#article\",\"isPartOf\":{\"@id\":\"https:\/\/testi-e2c55b704894.senaatti.fi\/sv\/aktuellt\/nyheter\/senatfastigheter-genomfor-kostnadsbesparingar-pa-40-miljoner-euro-i-statens-lokalkostnader\/\"},\"author\":{\"name\":\"Andreas Ylijarvi\",\"@id\":\"https:\/\/www.senaatti.fi\/#\/schema\/person\/80de6083a34c1dad19140c28086a0ceb\"},\"headline\":\"Senatfastigheter genomf\u00f6r kostnadsbesparingar p\u00e5 40 miljoner euro i statens lokalkostnader\",\"datePublished\":\"2024-04-24T10:02:28+00:00\",\"dateModified\":\"2024-09-25T07:50:13+00:00\",\"mainEntityOfPage\":{\"@id\":\"https:\/\/testi-e2c55b704894.senaatti.fi\/sv\/aktuellt\/nyheter\/senatfastigheter-genomfor-kostnadsbesparingar-pa-40-miljoner-euro-i-statens-lokalkostnader\/\"},\"wordCount\":625,\"commentCount\":0,\"publisher\":{\"@id\":\"https:\/\/www.senaatti.fi\/#organization\"},\"image\":{\"@id\":\"https:\/\/testi-e2c55b704894.senaatti.fi\/sv\/aktuellt\/nyheter\/senatfastigheter-genomfor-kostnadsbesparingar-pa-40-miljoner-euro-i-statens-lokalkostnader\/#primaryimage\"},\"thumbnailUrl\":\"https:\/\/testi-e2c55b704894.senaatti.fi\/app\/uploads\/2024\/04\/SENAATTI_KHO_J2A6910-scaled.jpg\",\"inLanguage\":\"sv-SE\"},{\"@type\":\"WebPage\",\"@id\":\"https:\/\/testi-e2c55b704894.senaatti.fi\/sv\/aktuellt\/nyheter\/senatfastigheter-genomfor-kostnadsbesparingar-pa-40-miljoner-euro-i-statens-lokalkostnader\/\",\"url\":\"https:\/\/testi-e2c55b704894.senaatti.fi\/sv\/aktuellt\/nyheter\/senatfastigheter-genomfor-kostnadsbesparingar-pa-40-miljoner-euro-i-statens-lokalkostnader\/\",\"name\":\"Senatfastigheter genomf\u00f6r kostnadsbesparingar p\u00e5 40 miljoner euro i statens lokalkostnader - Senaatti\",\"isPartOf\":{\"@id\":\"https:\/\/www.senaatti.fi\/#website\"},\"primaryImageOfPage\":{\"@id\":\"https:\/\/testi-e2c55b704894.senaatti.fi\/sv\/aktuellt\/nyheter\/senatfastigheter-genomfor-kostnadsbesparingar-pa-40-miljoner-euro-i-statens-lokalkostnader\/#primaryimage\"},\"image\":{\"@id\":\"https:\/\/testi-e2c55b704894.senaatti.fi\/sv\/aktuellt\/nyheter\/senatfastigheter-genomfor-kostnadsbesparingar-pa-40-miljoner-euro-i-statens-lokalkostnader\/#primaryimage\"},\"thumbnailUrl\":\"https:\/\/testi-e2c55b704894.senaatti.fi\/app\/uploads\/2024\/04\/SENAATTI_KHO_J2A6910-scaled.jpg\",\"datePublished\":\"2024-04-24T10:02:28+00:00\",\"dateModified\":\"2024-09-25T07:50:13+00:00\",\"description\":\"Senatkoncernen, som ansvarar f\u00f6r statens fastigheter och lokaler, minskar lokalkostnaderna f\u00f6r statens \u00e4mbetsverk och inr\u00e4ttningar med cirka 40 miljoner\",\"breadcrumb\":{\"@id\":\"https:\/\/testi-e2c55b704894.senaatti.fi\/sv\/aktuellt\/nyheter\/senatfastigheter-genomfor-kostnadsbesparingar-pa-40-miljoner-euro-i-statens-lokalkostnader\/#breadcrumb\"},\"inLanguage\":\"sv-SE\",\"potentialAction\":[{\"@type\":\"ReadAction\",\"target\":[\"https:\/\/testi-e2c55b704894.senaatti.fi\/sv\/aktuellt\/nyheter\/senatfastigheter-genomfor-kostnadsbesparingar-pa-40-miljoner-euro-i-statens-lokalkostnader\/\"]}]},{\"@type\":\"ImageObject\",\"inLanguage\":\"sv-SE\",\"@id\":\"https:\/\/testi-e2c55b704894.senaatti.fi\/sv\/aktuellt\/nyheter\/senatfastigheter-genomfor-kostnadsbesparingar-pa-40-miljoner-euro-i-statens-lokalkostnader\/#primaryimage\",\"url\":\"https:\/\/testi-e2c55b704894.senaatti.fi\/app\/uploads\/2024\/04\/SENAATTI_KHO_J2A6910-scaled.jpg\",\"contentUrl\":\"https:\/\/testi-e2c55b704894.senaatti.fi\/app\/uploads\/2024\/04\/SENAATTI_KHO_J2A6910-scaled.jpg\",\"width\":2560,\"height\":1707},{\"@type\":\"BreadcrumbList\",\"@id\":\"https:\/\/testi-e2c55b704894.senaatti.fi\/sv\/aktuellt\/nyheter\/senatfastigheter-genomfor-kostnadsbesparingar-pa-40-miljoner-euro-i-statens-lokalkostnader\/#breadcrumb\",\"itemListElement\":[{\"@type\":\"ListItem\",\"position\":1,\"name\":\"Hem\",\"item\":\"https:\/\/www.senaatti.fi\/sv\/\"},{\"@type\":\"ListItem\",\"position\":2,\"name\":\"Senatfastigheter genomf\u00f6r kostnadsbesparingar p\u00e5 40 miljoner euro i statens lokalkostnader\"}]},{\"@type\":\"WebSite\",\"@id\":\"https:\/\/www.senaatti.fi\/#website\",\"url\":\"https:\/\/www.senaatti.fi\/\",\"name\":\"Senaatti\",\"description\":\"Just another WordPress site\",\"publisher\":{\"@id\":\"https:\/\/www.senaatti.fi\/#organization\"},\"potentialAction\":[{\"@type\":\"SearchAction\",\"target\":{\"@type\":\"EntryPoint\",\"urlTemplate\":\"https:\/\/www.senaatti.fi\/?s={search_term_string}\"},\"query-input\":{\"@type\":\"PropertyValueSpecification\",\"valueRequired\":true,\"valueName\":\"search_term_string\"}}],\"inLanguage\":\"sv-SE\"},{\"@type\":\"Organization\",\"@id\":\"https:\/\/www.senaatti.fi\/#organization\",\"name\":\"Senaatti-kiinteist\u00f6t\",\"url\":\"https:\/\/www.senaatti.fi\/\",\"logo\":{\"@type\":\"ImageObject\",\"inLanguage\":\"sv-SE\",\"@id\":\"https:\/\/www.senaatti.fi\/#\/schema\/logo\/image\/\",\"url\":\"https:\/\/testi-e2c55b704894.senaatti.fi\/app\/uploads\/2021\/01\/Senaatti_FB_profiili_1200x630.png\",\"contentUrl\":\"https:\/\/testi-e2c55b704894.senaatti.fi\/app\/uploads\/2021\/01\/Senaatti_FB_profiili_1200x630.png\",\"width\":1201,\"height\":631,\"caption\":\"Senaatti-kiinteist\u00f6t\"},\"image\":{\"@id\":\"https:\/\/www.senaatti.fi\/#\/schema\/logo\/image\/\"},\"sameAs\":[\"https:\/\/www.facebook.com\/SenaattiKiinteistot\/\",\"https:\/\/x.com\/SenaattiK\",\"https:\/\/www.linkedin.com\/company\/senate-properties\",\"https:\/\/www.youtube.com\/channel\/UCunSUhMjKd5KqASPgBrndkQ\"]},{\"@type\":\"Person\",\"@id\":\"https:\/\/www.senaatti.fi\/#\/schema\/person\/80de6083a34c1dad19140c28086a0ceb\",\"name\":\"Andreas Ylijarvi\",\"image\":{\"@type\":\"ImageObject\",\"inLanguage\":\"sv-SE\",\"@id\":\"https:\/\/www.senaatti.fi\/#\/schema\/person\/image\/\",\"url\":\"https:\/\/secure.gravatar.com\/avatar\/393b74c0a25affaabc46f7c6721d9581?s=96&d=mm&r=g\",\"contentUrl\":\"https:\/\/secure.gravatar.com\/avatar\/393b74c0a25affaabc46f7c6721d9581?s=96&d=mm&r=g\",\"caption\":\"Andreas Ylijarvi\"}}]}<\/script>\n<!-- \/ Yoast SEO plugin. -->","yoast_head_json":{"title":"Senatfastigheter genomf\u00f6r kostnadsbesparingar p\u00e5 40 miljoner euro i statens lokalkostnader - Senaatti","description":"Senatkoncernen, som ansvarar f\u00f6r statens fastigheter och lokaler, minskar lokalkostnaderna f\u00f6r statens \u00e4mbetsverk och inr\u00e4ttningar med cirka 40 miljoner","robots":{"index":"noindex","follow":"follow","max-snippet":"max-snippet:-1","max-image-preview":"max-image-preview:large","max-video-preview":"max-video-preview:-1"},"og_locale":"sv_SE","og_type":"article","og_title":"Senatfastigheter genomf\u00f6r kostnadsbesparingar p\u00e5 40 miljoner euro i statens lokalkostnader - Senaatti","og_description":"Senatkoncernen, som ansvarar f\u00f6r statens fastigheter och lokaler, minskar lokalkostnaderna f\u00f6r statens \u00e4mbetsverk och inr\u00e4ttningar med cirka 40 miljoner","og_url":"https:\/\/testi-e2c55b704894.senaatti.fi\/sv\/aktuellt\/nyheter\/senatfastigheter-genomfor-kostnadsbesparingar-pa-40-miljoner-euro-i-statens-lokalkostnader\/","og_site_name":"Senaatti","article_publisher":"https:\/\/www.facebook.com\/SenaattiKiinteistot\/","article_published_time":"2024-04-24T10:02:28+00:00","article_modified_time":"2024-09-25T07:50:13+00:00","og_image":[{"width":1024,"height":683,"url":"https:\/\/www.senaatti.fi\/app\/uploads\/2024\/04\/SENAATTI_KHO_J2A6910-1024x683.jpg","type":"image\/jpeg"}],"author":"Andreas Ylijarvi","twitter_card":"summary_large_image","twitter_creator":"@SenaattiK","twitter_site":"@SenaattiK","twitter_misc":{"Skriven av":"Andreas Ylijarvi","Ber\u00e4knad l\u00e4stid":"4 minuter"},"schema":{"@context":"https:\/\/schema.org","@graph":[{"@type":"Article","@id":"https:\/\/testi-e2c55b704894.senaatti.fi\/sv\/aktuellt\/nyheter\/senatfastigheter-genomfor-kostnadsbesparingar-pa-40-miljoner-euro-i-statens-lokalkostnader\/#article","isPartOf":{"@id":"https:\/\/testi-e2c55b704894.senaatti.fi\/sv\/aktuellt\/nyheter\/senatfastigheter-genomfor-kostnadsbesparingar-pa-40-miljoner-euro-i-statens-lokalkostnader\/"},"author":{"name":"Andreas Ylijarvi","@id":"https:\/\/www.senaatti.fi\/#\/schema\/person\/80de6083a34c1dad19140c28086a0ceb"},"headline":"Senatfastigheter genomf\u00f6r kostnadsbesparingar p\u00e5 40 miljoner euro i statens lokalkostnader","datePublished":"2024-04-24T10:02:28+00:00","dateModified":"2024-09-25T07:50:13+00:00","mainEntityOfPage":{"@id":"https:\/\/testi-e2c55b704894.senaatti.fi\/sv\/aktuellt\/nyheter\/senatfastigheter-genomfor-kostnadsbesparingar-pa-40-miljoner-euro-i-statens-lokalkostnader\/"},"wordCount":625,"commentCount":0,"publisher":{"@id":"https:\/\/www.senaatti.fi\/#organization"},"image":{"@id":"https:\/\/testi-e2c55b704894.senaatti.fi\/sv\/aktuellt\/nyheter\/senatfastigheter-genomfor-kostnadsbesparingar-pa-40-miljoner-euro-i-statens-lokalkostnader\/#primaryimage"},"thumbnailUrl":"https:\/\/testi-e2c55b704894.senaatti.fi\/app\/uploads\/2024\/04\/SENAATTI_KHO_J2A6910-scaled.jpg","inLanguage":"sv-SE"},{"@type":"WebPage","@id":"https:\/\/testi-e2c55b704894.senaatti.fi\/sv\/aktuellt\/nyheter\/senatfastigheter-genomfor-kostnadsbesparingar-pa-40-miljoner-euro-i-statens-lokalkostnader\/","url":"https:\/\/testi-e2c55b704894.senaatti.fi\/sv\/aktuellt\/nyheter\/senatfastigheter-genomfor-kostnadsbesparingar-pa-40-miljoner-euro-i-statens-lokalkostnader\/","name":"Senatfastigheter genomf\u00f6r kostnadsbesparingar p\u00e5 40 miljoner euro i statens lokalkostnader - Senaatti","isPartOf":{"@id":"https:\/\/www.senaatti.fi\/#website"},"primaryImageOfPage":{"@id":"https:\/\/testi-e2c55b704894.senaatti.fi\/sv\/aktuellt\/nyheter\/senatfastigheter-genomfor-kostnadsbesparingar-pa-40-miljoner-euro-i-statens-lokalkostnader\/#primaryimage"},"image":{"@id":"https:\/\/testi-e2c55b704894.senaatti.fi\/sv\/aktuellt\/nyheter\/senatfastigheter-genomfor-kostnadsbesparingar-pa-40-miljoner-euro-i-statens-lokalkostnader\/#primaryimage"},"thumbnailUrl":"https:\/\/testi-e2c55b704894.senaatti.fi\/app\/uploads\/2024\/04\/SENAATTI_KHO_J2A6910-scaled.jpg","datePublished":"2024-04-24T10:02:28+00:00","dateModified":"2024-09-25T07:50:13+00:00","description":"Senatkoncernen, som ansvarar f\u00f6r statens fastigheter och lokaler, minskar lokalkostnaderna f\u00f6r statens \u00e4mbetsverk och inr\u00e4ttningar med cirka 40 miljoner","breadcrumb":{"@id":"https:\/\/testi-e2c55b704894.senaatti.fi\/sv\/aktuellt\/nyheter\/senatfastigheter-genomfor-kostnadsbesparingar-pa-40-miljoner-euro-i-statens-lokalkostnader\/#breadcrumb"},"inLanguage":"sv-SE","potentialAction":[{"@type":"ReadAction","target":["https:\/\/testi-e2c55b704894.senaatti.fi\/sv\/aktuellt\/nyheter\/senatfastigheter-genomfor-kostnadsbesparingar-pa-40-miljoner-euro-i-statens-lokalkostnader\/"]}]},{"@type":"ImageObject","inLanguage":"sv-SE","@id":"https:\/\/testi-e2c55b704894.senaatti.fi\/sv\/aktuellt\/nyheter\/senatfastigheter-genomfor-kostnadsbesparingar-pa-40-miljoner-euro-i-statens-lokalkostnader\/#primaryimage","url":"https:\/\/testi-e2c55b704894.senaatti.fi\/app\/uploads\/2024\/04\/SENAATTI_KHO_J2A6910-scaled.jpg","contentUrl":"https:\/\/testi-e2c55b704894.senaatti.fi\/app\/uploads\/2024\/04\/SENAATTI_KHO_J2A6910-scaled.jpg","width":2560,"height":1707},{"@type":"BreadcrumbList","@id":"https:\/\/testi-e2c55b704894.senaatti.fi\/sv\/aktuellt\/nyheter\/senatfastigheter-genomfor-kostnadsbesparingar-pa-40-miljoner-euro-i-statens-lokalkostnader\/#breadcrumb","itemListElement":[{"@type":"ListItem","position":1,"name":"Hem","item":"https:\/\/www.senaatti.fi\/sv\/"},{"@type":"ListItem","position":2,"name":"Senatfastigheter genomf\u00f6r kostnadsbesparingar p\u00e5 40 miljoner euro i statens lokalkostnader"}]},{"@type":"WebSite","@id":"https:\/\/www.senaatti.fi\/#website","url":"https:\/\/www.senaatti.fi\/","name":"Senaatti","description":"Just another WordPress site","publisher":{"@id":"https:\/\/www.senaatti.fi\/#organization"},"potentialAction":[{"@type":"SearchAction","target":{"@type":"EntryPoint","urlTemplate":"https:\/\/www.senaatti.fi\/?s={search_term_string}"},"query-input":{"@type":"PropertyValueSpecification","valueRequired":true,"valueName":"search_term_string"}}],"inLanguage":"sv-SE"},{"@type":"Organization","@id":"https:\/\/www.senaatti.fi\/#organization","name":"Senaatti-kiinteist\u00f6t","url":"https:\/\/www.senaatti.fi\/","logo":{"@type":"ImageObject","inLanguage":"sv-SE","@id":"https:\/\/www.senaatti.fi\/#\/schema\/logo\/image\/","url":"https:\/\/testi-e2c55b704894.senaatti.fi\/app\/uploads\/2021\/01\/Senaatti_FB_profiili_1200x630.png","contentUrl":"https:\/\/testi-e2c55b704894.senaatti.fi\/app\/uploads\/2021\/01\/Senaatti_FB_profiili_1200x630.png","width":1201,"height":631,"caption":"Senaatti-kiinteist\u00f6t"},"image":{"@id":"https:\/\/www.senaatti.fi\/#\/schema\/logo\/image\/"},"sameAs":["https:\/\/www.facebook.com\/SenaattiKiinteistot\/","https:\/\/x.com\/SenaattiK","https:\/\/www.linkedin.com\/company\/senate-properties","https:\/\/www.youtube.com\/channel\/UCunSUhMjKd5KqASPgBrndkQ"]},{"@type":"Person","@id":"https:\/\/www.senaatti.fi\/#\/schema\/person\/80de6083a34c1dad19140c28086a0ceb","name":"Andreas Ylijarvi","image":{"@type":"ImageObject","inLanguage":"sv-SE","@id":"https:\/\/www.senaatti.fi\/#\/schema\/person\/image\/","url":"https:\/\/secure.gravatar.com\/avatar\/393b74c0a25affaabc46f7c6721d9581?s=96&d=mm&r=g","contentUrl":"https:\/\/secure.gravatar.com\/avatar\/393b74c0a25affaabc46f7c6721d9581?s=96&d=mm&r=g","caption":"Andreas Ylijarvi"}}]}},"publishpress_future_action":{"enabled":false,"date":"2026-05-03 10:35:00","action":"change-status","newStatus":"draft","terms":[],"taxonomy":"category"},"_links":{"self":[{"href":"https:\/\/testi-e2c55b704894.senaatti.fi\/sv\/wp-json\/wp\/v2\/posts\/76451","targetHints":{"allow":["GET"]}}],"collection":[{"href":"https:\/\/testi-e2c55b704894.senaatti.fi\/sv\/wp-json\/wp\/v2\/posts"}],"about":[{"href":"https:\/\/testi-e2c55b704894.senaatti.fi\/sv\/wp-json\/wp\/v2\/types\/post"}],"author":[{"embeddable":true,"href":"https:\/\/testi-e2c55b704894.senaatti.fi\/sv\/wp-json\/wp\/v2\/users\/16"}],"replies":[{"embeddable":true,"href":"https:\/\/testi-e2c55b704894.senaatti.fi\/sv\/wp-json\/wp\/v2\/comments?post=76451"}],"version-history":[{"count":2,"href":"https:\/\/testi-e2c55b704894.senaatti.fi\/sv\/wp-json\/wp\/v2\/posts\/76451\/revisions"}],"predecessor-version":[{"id":76453,"href":"https:\/\/testi-e2c55b704894.senaatti.fi\/sv\/wp-json\/wp\/v2\/posts\/76451\/revisions\/76453"}],"wp:featuredmedia":[{"embeddable":true,"href":"https:\/\/testi-e2c55b704894.senaatti.fi\/sv\/wp-json\/wp\/v2\/media\/72506"}],"wp:attachment":[{"href":"https:\/\/testi-e2c55b704894.senaatti.fi\/sv\/wp-json\/wp\/v2\/media?parent=76451"}],"curies":[{"name":"wp","href":"https:\/\/api.w.org\/{rel}","templated":true}]}}