{"id":15265,"date":"2018-04-25T14:37:20","date_gmt":"2018-04-25T11:37:20","guid":{"rendered":"https:\/\/testi-e2c55b704894.senaatti.fi\/?post_type=senaatti_article&#038;p=15265"},"modified":"2024-05-13T09:59:01","modified_gmt":"2024-05-13T06:59:01","slug":"vad-ar-ett-aktivitetsbaserat-kontor","status":"publish","type":"senaatti_article","link":"https:\/\/testi-e2c55b704894.senaatti.fi\/sv\/aktuellt\/artiklar\/vad-ar-ett-aktivitetsbaserat-kontor\/","title":{"rendered":"Vad \u00e4r ett aktivitetsbaserat kontor? Det handlar om detta"},"content":{"rendered":"<p>I dag \u00e4r kontorsarbete inte l\u00e4ngre bundet till tiden, platsen eller det egna arbetsrummet. Arbete kan utf\u00f6ras flexibelt i hemmet eller till exempel p\u00e5 ett t\u00e5g eller kaf\u00e9 \u2013 \u00e4ven under andra tider \u00e4n traditionellt fr\u00e5n \u00e5tta till fyra.<\/p>\n<p>Stela kontorsl\u00f6sningar st\u00f6der inte l\u00e4ngre arbetet i dag och d\u00e4rf\u00f6r inte heller arbetsm\u00e5len. D\u00e4rf\u00f6r \u00e4r aktivitetsbaserade kontor l\u00f6sningen.<\/p>\n<p>Aktivitetsbaserade kontor f\u00f6ruts\u00e4tter en ny verksamhetskultur inom organisationen och nytt s\u00e4tt att utf\u00f6ra och leda arbetet. I dem f\u00f6renas fysiska lokaler med digitala, virtuella och sociala dimensioner. Arbetet utf\u00f6rs med laptop och mobiltelefon i tr\u00e5dl\u00f6sa n\u00e4t. Exempel p\u00e5 den virtuella dimensionen \u00e4r Skype-m\u00f6ten. Moderna lokaler fr\u00e4mjar kontakterna p\u00e5 arbetsplatsen och \u00e4ven kontakterna \u00f6ver organisationsgr\u00e4nser.<\/p>\n<p>Chefen f\u00f6r Senatfastigheters arbetsmilj\u00f6enhet\u00a0Reetta Ripatti-Jokela\u00a0ber\u00e4ttar att man \u00e4nnu f\u00f6r tio \u00e5r sedan ans\u00e5g att utvecklingen av arbetsmilj\u00f6n var en lite v\u00e4l radikal id\u00e9. I dag anses f\u00f6r\u00e4ndringen vara n\u00f6dv\u00e4ndig.<\/p>\n<p>\u201dTraditionella kontor med arbetsrum b\u00f6rjar vara historia inom statsf\u00f6rvaltningen. Man kan inte l\u00e5ta bli att f\u00f6lja med utvecklingen en l\u00e4ngre tid, f\u00f6r d\u00e5 slutar utvecklingen av organisationen och resultaten lider.\u201d<\/p>\n<p>Nyaste nytt representeras av\u00a0<a href=\"https:\/\/testi-e2c55b704894.senaatti.fi\/tyoymparisto\/inspiraatio\/artikkeli\/sesam-nayttaa-modernin-ja-monipaikkaisen-tyotilan-mallia\/\">Senatfastigheters Sesam<\/a> i S\u00f6rn\u00e4s i Helsingfors. Alla anst\u00e4llda inom statsf\u00f6rvaltningen kan komma dit f\u00f6r att testa hur det \u00e4r att arbeta i ett aktivitetsbaserat kontor. Samtidigt kan man tr\u00e4ffa nya kolleger.<\/p>\n<h2>H\u00e4r f\u00f6ljer 9 k\u00e4nnetecken hos ett aktivitetsbaserat kontor:<\/h2>\n<p><strong><img loading=\"lazy\" decoding=\"async\" class=\"alignnone wp-image-14651 size-large\" src=\"https:\/\/testi-e2c55b704894.senaatti.fi\/app\/uploads\/2018\/04\/Senaatti_kuvitus_monitila_tila_v006-1024x427.jpg\" alt=\"\" width=\"1024\" height=\"427\" srcset=\"https:\/\/testi-e2c55b704894.senaatti.fi\/app\/uploads\/2018\/04\/Senaatti_kuvitus_monitila_tila_v006-1024x427.jpg 1024w, https:\/\/testi-e2c55b704894.senaatti.fi\/app\/uploads\/2018\/04\/Senaatti_kuvitus_monitila_tila_v006-300x125.jpg 300w, https:\/\/testi-e2c55b704894.senaatti.fi\/app\/uploads\/2018\/04\/Senaatti_kuvitus_monitila_tila_v006-768x320.jpg 768w, https:\/\/testi-e2c55b704894.senaatti.fi\/app\/uploads\/2018\/04\/Senaatti_kuvitus_monitila_tila_v006-600x250.jpg 600w, https:\/\/testi-e2c55b704894.senaatti.fi\/app\/uploads\/2018\/04\/Senaatti_kuvitus_monitila_tila_v006-1600x667.jpg 1600w, https:\/\/testi-e2c55b704894.senaatti.fi\/app\/uploads\/2018\/04\/Senaatti_kuvitus_monitila_tila_v006.jpg 2200w\" sizes=\"auto, (max-width: 1024px) 100vw, 1024px\" \/><\/strong><\/p>\n<h3>1. M\u00e5nga slags lokaler<strong><br \/>\n<\/strong><\/h3>\n<p>I ett aktivitetsbaserat kontor kan arbetsmilj\u00f6n och sj\u00e4lva arbetet inte l\u00e4ngre separeras fr\u00e5n varandra, eftersom de g\u00e5r in i varandra. Olika arbetsuppgifter har egna optimala lokaler.<\/p>\n<p>Ett arbetsbord i ett kontorslandskap \u00e4r ett bra val n\u00e4r arbetet kr\u00e4ver v\u00e4xelverkan med kolleger. F\u00f6r arbete som kr\u00e4ver koncentration och konfidentialitet finns det tysta rum. Telefonsamtal sker i ljudisolerade b\u00e5s eller tysta rum.<\/p>\n<p>Vid sidan av m\u00f6tesrum som bokas separat finns det ocks\u00e5 grupparbetsrum. I ett aktivitetsbaserat kontor kan m\u00f6ten ordnas snabbt.<\/p>\n<p>Olika m\u00f6tesplatser, s\u00e5som trivsamma h\u00f6rn med f\u00e5t\u00f6ljer, n\u00e4r kreativt tankeutbyte, id\u00e9kl\u00e4ckning och socialt umg\u00e4nge. Kaf\u00e9er och matsalar kan vara gemensamma f\u00f6r olika enheter och organisationer.<\/p>\n<p><img loading=\"lazy\" decoding=\"async\" class=\"size-large wp-image-14642 alignnone\" src=\"https:\/\/testi-e2c55b704894.senaatti.fi\/app\/uploads\/2018\/04\/Senaatti_crop6_v001-1024x366.jpg\" alt=\"\" width=\"1024\" height=\"366\" srcset=\"https:\/\/testi-e2c55b704894.senaatti.fi\/app\/uploads\/2018\/04\/Senaatti_crop6_v001-1024x366.jpg 1024w, https:\/\/testi-e2c55b704894.senaatti.fi\/app\/uploads\/2018\/04\/Senaatti_crop6_v001-300x107.jpg 300w, https:\/\/testi-e2c55b704894.senaatti.fi\/app\/uploads\/2018\/04\/Senaatti_crop6_v001-768x274.jpg 768w, https:\/\/testi-e2c55b704894.senaatti.fi\/app\/uploads\/2018\/04\/Senaatti_crop6_v001-600x214.jpg 600w, https:\/\/testi-e2c55b704894.senaatti.fi\/app\/uploads\/2018\/04\/Senaatti_crop6_v001.jpg 1260w\" sizes=\"auto, (max-width: 1024px) 100vw, 1024px\" \/><\/p>\n<h3>2. Inte fastkedjad vid arbetsbordet<strong><br \/>\n<\/strong><\/h3>\n<p>Ett aktivitetsbaserat kontor \u00e4r en \u00f6verl\u00e4gsen l\u00f6sning j\u00e4mf\u00f6rt med gamla modeller. Ingen har ett eget arbetsbord, men \u00e5 andra sidan \u00e4r ingen heller fastkedjad vid sitt arbetsbord. Man v\u00e4ljer arbetsplats efter sina aktuella behov och preferenser.<\/p>\n<p>P\u00e5 ett aktivitetsbaserat kontor kan arbetsborden justeras elektriskt s\u00e5 att alla hittar en l\u00e4mplig arbetsst\u00e4llning. \u00c4ven stolarna ska g\u00e5 att justera ordentligt.<\/p>\n<p><strong><img loading=\"lazy\" decoding=\"async\" class=\"size-large wp-image-14658 alignnone\" src=\"https:\/\/testi-e2c55b704894.senaatti.fi\/app\/uploads\/2018\/04\/Senaatti_crop1_v001-1-1024x366.jpg\" alt=\"\" width=\"1024\" height=\"366\" srcset=\"https:\/\/testi-e2c55b704894.senaatti.fi\/app\/uploads\/2018\/04\/Senaatti_crop1_v001-1-1024x366.jpg 1024w, https:\/\/testi-e2c55b704894.senaatti.fi\/app\/uploads\/2018\/04\/Senaatti_crop1_v001-1-300x107.jpg 300w, https:\/\/testi-e2c55b704894.senaatti.fi\/app\/uploads\/2018\/04\/Senaatti_crop1_v001-1-768x274.jpg 768w, https:\/\/testi-e2c55b704894.senaatti.fi\/app\/uploads\/2018\/04\/Senaatti_crop1_v001-1-600x214.jpg 600w, https:\/\/testi-e2c55b704894.senaatti.fi\/app\/uploads\/2018\/04\/Senaatti_crop1_v001-1.jpg 1260w\" sizes=\"auto, (max-width: 1024px) 100vw, 1024px\" \/><\/strong><\/p>\n<h3>3. Viktigt med spelregler<strong><br \/>\n<\/strong><\/h3>\n<p>Aktivitetsbaserade kontor har inte ett korrekt anv\u00e4ndningss\u00e4tt, utan varje medarbetare bearbetar dem enligt sina preferenser. Aktivitetsbaserade kontor kr\u00e4ver dock gemensamma spelregler. Medarbetarna kommer bland annat \u00f6verens om i vilka lokaler man f\u00e5r diskutera ljudligt och i vilka det ska vara helt tyst. N\u00e4r man beh\u00f6ver rogivande lokaler finns det ut\u00f6ver tysta \u201dbiblioteksrum\u201d \u00e4ven enskilda tysta rum.<\/p>\n<p><img loading=\"lazy\" decoding=\"async\" class=\"size-large wp-image-14660 alignnone\" src=\"https:\/\/testi-e2c55b704894.senaatti.fi\/app\/uploads\/2018\/04\/Senaatti_crop3_v001-1024x366.jpg\" alt=\"\" width=\"1024\" height=\"366\" srcset=\"https:\/\/testi-e2c55b704894.senaatti.fi\/app\/uploads\/2018\/04\/Senaatti_crop3_v001-1024x366.jpg 1024w, https:\/\/testi-e2c55b704894.senaatti.fi\/app\/uploads\/2018\/04\/Senaatti_crop3_v001-300x107.jpg 300w, https:\/\/testi-e2c55b704894.senaatti.fi\/app\/uploads\/2018\/04\/Senaatti_crop3_v001-768x274.jpg 768w, https:\/\/testi-e2c55b704894.senaatti.fi\/app\/uploads\/2018\/04\/Senaatti_crop3_v001-600x214.jpg 600w, https:\/\/testi-e2c55b704894.senaatti.fi\/app\/uploads\/2018\/04\/Senaatti_crop3_v001.jpg 1260w\" sizes=\"auto, (max-width: 1024px) 100vw, 1024px\" \/><\/p>\n<h3>4. Digitalisering befriar<strong><br \/>\n<\/strong><\/h3>\n<p>Digitaliseringen och den fortl\u00f6pande utvecklingen av IT-l\u00f6sningar g\u00f6r det m\u00f6jligt att utf\u00f6ra arbetet var och n\u00e4r som helst. Alla har sin laptop, som \u00e4r uppkopplad till ett tr\u00e5dl\u00f6st n\u00e4t.<\/p>\n<p>Eftersom data sparas elektroniskt beh\u00f6vs det inte hyllor f\u00f6r papper och mappar. Arbetsbordet st\u00e4das efter varje arbetspass, och personliga f\u00f6rem\u00e5l b\u00e4rs fr\u00e5n ett st\u00e4lle till ett annat i till exempel korgar eller kassar.<\/p>\n<h3>5. Involvera personalen i tid<strong><br \/>\n<\/strong><\/h3>\n<p>Aktivitetsbaserade kontor v\u00e4cker k\u00e4nslor f\u00f6r och emot. Motst\u00e5ndare kan ha d\u00e5liga erfarenheter av gammalmodiga kontorslandskap som saknade valfriheten och flexibiliteten p\u00e5 aktivitetsbaserade kontor.<\/p>\n<p>\u00d6verg\u00e5ngen till nya lokaler och nya arbetss\u00e4tt kr\u00e4ver omsorgsfulla f\u00f6rberedelser och lyssnande ledarskap. Det \u00e4r bra att involvera personalen redan i planeringen till exempel genom att ordna workshoppar.<\/p>\n<p>Det tar i allm\u00e4nhet n\u00e5gra \u00e5r att rigga upp en ny arbetsmilj\u00f6. Det \u00e4r bra att anv\u00e4nda tiden till att \u00e5stadkomma en ny operativ kultur inom organisationen och etablera nya arbetsrutiner, s\u00e5 att den nya arbetsmilj\u00f6n kan inf\u00f6ras helt fr\u00e5n f\u00f6rsta b\u00f6rjan.<\/p>\n<p><img loading=\"lazy\" decoding=\"async\" class=\"size-large wp-image-14644 alignnone\" src=\"https:\/\/testi-e2c55b704894.senaatti.fi\/app\/uploads\/2018\/04\/Senaatti_crop4_v001-1024x366.jpg\" alt=\"\" width=\"1024\" height=\"366\" srcset=\"https:\/\/testi-e2c55b704894.senaatti.fi\/app\/uploads\/2018\/04\/Senaatti_crop4_v001-1024x366.jpg 1024w, https:\/\/testi-e2c55b704894.senaatti.fi\/app\/uploads\/2018\/04\/Senaatti_crop4_v001-300x107.jpg 300w, https:\/\/testi-e2c55b704894.senaatti.fi\/app\/uploads\/2018\/04\/Senaatti_crop4_v001-768x274.jpg 768w, https:\/\/testi-e2c55b704894.senaatti.fi\/app\/uploads\/2018\/04\/Senaatti_crop4_v001-600x214.jpg 600w, https:\/\/testi-e2c55b704894.senaatti.fi\/app\/uploads\/2018\/04\/Senaatti_crop4_v001.jpg 1260w\" sizes=\"auto, (max-width: 1024px) 100vw, 1024px\" \/><\/p>\n<h3>6. Mer ansvar och f\u00f6rtroende<strong><br \/>\n<\/strong><\/h3>\n<p>Nya arbetsrutiner kr\u00e4ver f\u00f6rtroende f\u00f6r individer av ledningen och hela organisationen och av individer f\u00f6rm\u00e5ga att hantera st\u00f6rre helheter och leda sig sj\u00e4lva. Dessutom \u00e4r det v\u00e4sentligt att inh\u00e4mta och dela relevant information genom n\u00e4tverkande och ansvarstagande.<\/p>\n<p>P\u00e5 ett aktivitetsbaserat kontor f\u00f6rsvinner f\u00f6r\u00e5ldrade ledningsmodeller med h\u00f6rnrummen: cheferna arbetar b\u00e5de psykiskt och fysiskt tillsammans med andra.<\/p>\n<h3>7. Vital v\u00e4xelverkan<strong><br \/>\n<\/strong><\/h3>\n<p>Aktivitetsbaserade kontor tr\u00e4nger inte undan v\u00e4xelverkan mellan m\u00e4nniskor utan skapar tv\u00e4rtom \u00e4nnu mer m\u00f6jligheter f\u00f6r det. Trivsamma m\u00f6tesplatser och gemensamma co-working-lokaler m\u00f6jligg\u00f6r kreativitet och n\u00e4tverkande \u00f6ver organisationsgr\u00e4nser. \u00c4ven virtuella verktyg, s\u00e5som videokonferenser och Skype underl\u00e4ttar kontakter och sparar tid.<\/p>\n<p>F\u00f6r att fr\u00e4mja samarbetet finns det i lokalerna ocks\u00e5 stora tv-sk\u00e4rmar p\u00e5 hjul eller p\u00e5 v\u00e4ggen.<\/p>\n<p><img loading=\"lazy\" decoding=\"async\" class=\"size-large wp-image-14641 alignnone\" src=\"https:\/\/testi-e2c55b704894.senaatti.fi\/app\/uploads\/2018\/04\/Senaatti_crop5_v001-1024x366.jpg\" alt=\"\" width=\"1024\" height=\"366\" srcset=\"https:\/\/testi-e2c55b704894.senaatti.fi\/app\/uploads\/2018\/04\/Senaatti_crop5_v001-1024x366.jpg 1024w, https:\/\/testi-e2c55b704894.senaatti.fi\/app\/uploads\/2018\/04\/Senaatti_crop5_v001-300x107.jpg 300w, https:\/\/testi-e2c55b704894.senaatti.fi\/app\/uploads\/2018\/04\/Senaatti_crop5_v001-768x274.jpg 768w, https:\/\/testi-e2c55b704894.senaatti.fi\/app\/uploads\/2018\/04\/Senaatti_crop5_v001-600x214.jpg 600w, https:\/\/testi-e2c55b704894.senaatti.fi\/app\/uploads\/2018\/04\/Senaatti_crop5_v001.jpg 1260w\" sizes=\"auto, (max-width: 1024px) 100vw, 1024px\" \/><\/p>\n<h3>8. F\u00e4rre kvadratmeter<strong><br \/>\n<\/strong><\/h3>\n<p>Utvecklingen av IT har gjort det m\u00f6jligt f\u00f6r anst\u00e4llda att r\u00f6ra sig utanf\u00f6r arbetsplatsen, till exempel m\u00f6ten och distansarbete. P\u00e5 konventionella kontor kan hela 60 procent av arbetsplatserna vara tomma under arbetsdagen.<\/p>\n<p>P\u00e5 aktivitetsbaserade kontor finns det i allm\u00e4nhet inga personliga arbetsbord. D\u00e4rf\u00f6r beh\u00f6vs det f\u00e4rre kvadratmeter. P\u00e5 statsf\u00f6rvaltningens kontor finns det i dag 23 kvadratmeter per person, men antalet minskar hela tiden. M\u00e5let enligt kontorsstrategin \u00e4r 18 kvadratmeter per person i objekt som totalrenoveras och 15 kvadratmeter i nybyggen, vilket inneb\u00e4r en avsev\u00e4rt effektivisering av lokalanv\u00e4ndningen och medf\u00f6ljande kostnadsnedsk\u00e4rningar. En \u00f6verg\u00e5ng till aktivitetsbaserade kontor kr\u00e4ver visserligen investeringar, men eftersom det beh\u00f6vs mindre yta \u00e4r den totala hyran i allm\u00e4nhet l\u00e4gre.<\/p>\n<h3>9. \u00c4ven gammalt kan moderniseras<strong><br \/>\n<\/strong><\/h3>\n<p>Eftersom aktivitetsbaserade kontor kr\u00e4ver f\u00e4rre kvadratmeter per anst\u00e4lld, kan flera organisationer f\u00e5 plats i samma fastighet och gemensamma lokaler. Detta \u00e4r fallet vid till exempel\u00a0<a href=\"https:\/\/testi-e2c55b704894.senaatti.fi\/tyoymparisto\/inspiraatio\/artikkeli\/kirkkokatu-12-valtion-uusin-ministeriohotelli\/\">Kyrkogatan 12<\/a>, i Helsingfors som inhyser personal fr\u00e5n inrikesministeriet, utrikesministeriet och statsr\u00e5dets kansli.\u00a0Patent- och registerstyrelsen har flyttat in i Statskontorets hus vid <a href=\"https:\/\/testi-e2c55b704894.senaatti.fi\/tyoymparisto\/inspiraatio\/artikkeli\/sornaisten-rantatie-13-nyt-uuden-ajan-viihtyisa-virasto\/\">S\u00f6rn\u00e4s strandv\u00e4g 13<\/a>.<\/p>\n<p>Aktivitetsbaserade kontor beh\u00f6ver allts\u00e5 inte helt nya byggnader, utan kan ocks\u00e5 konstrueras i gamla fastigheter. Ett exempel p\u00e5 detta \u00e4r Senatfastigheters egna lokaler i S\u00f6rn\u00e4s i Helsingfors. De finns i en gammal spannm\u00e5lssilo och ett rotfruktslager.<\/p>\n","protected":false},"excerpt":{"rendered":"<p>Ett aktivitetsbaserat kontor \u00e4r mycket annat \u00e4n ett antal olika slags rum och lokaler. Det inneb\u00e4r ett nytt s\u00e4tt att utf\u00f6ra och leda arbetet.<\/p>\n","protected":false},"featured_media":14651,"template":"","class_list":["post-15265","senaatti_article","type-senaatti_article","status-publish","has-post-thumbnail","hentry","senaatti_category-arbetsmiljo-arbetsmetoder","senaatti_type-artikel"],"acf":[],"yoast_head":"<!-- This site is optimized with the Yoast SEO plugin v23.9 - https:\/\/yoast.com\/wordpress\/plugins\/seo\/ -->\n<title>Vad \u00e4r ett aktivitetsbaserat kontor? Det handlar om detta - Senaatti<\/title>\n<meta name=\"description\" content=\"Ett aktivitetsbaserat kontor \u00e4r mycket annat \u00e4n ett antal olika slags rum och lokaler. Det inneb\u00e4r ett nytt s\u00e4tt att utf\u00f6ra och leda arbetet.\" \/>\n<meta name=\"robots\" content=\"noindex, follow, max-snippet:-1, max-image-preview:large, max-video-preview:-1\" \/>\n<meta property=\"og:locale\" content=\"sv_SE\" \/>\n<meta property=\"og:type\" content=\"article\" \/>\n<meta property=\"og:title\" content=\"Vad \u00e4r ett aktivitetsbaserat kontor? Det handlar om detta - Senaatti\" \/>\n<meta property=\"og:description\" content=\"Ett aktivitetsbaserat kontor \u00e4r mycket annat \u00e4n ett antal olika slags rum och lokaler. Det inneb\u00e4r ett nytt s\u00e4tt att utf\u00f6ra och leda arbetet.\" \/>\n<meta property=\"og:url\" content=\"https:\/\/testi-e2c55b704894.senaatti.fi\/sv\/aktuellt\/artiklar\/vad-ar-ett-aktivitetsbaserat-kontor\/\" \/>\n<meta property=\"og:site_name\" content=\"Senaatti\" \/>\n<meta property=\"article:publisher\" content=\"https:\/\/www.facebook.com\/SenaattiKiinteistot\/\" \/>\n<meta property=\"article:modified_time\" content=\"2024-05-13T06:59:01+00:00\" \/>\n<meta property=\"og:image\" content=\"https:\/\/www.senaatti.fi\/app\/uploads\/2018\/04\/Senaatti_kuvitus_monitila_tila_v006-1024x427.jpg\" \/>\n\t<meta property=\"og:image:width\" content=\"1024\" \/>\n\t<meta property=\"og:image:height\" content=\"427\" \/>\n\t<meta property=\"og:image:type\" content=\"image\/jpeg\" \/>\n<meta name=\"twitter:card\" content=\"summary_large_image\" \/>\n<meta name=\"twitter:site\" content=\"@SenaattiK\" \/>\n<meta name=\"twitter:label1\" content=\"Ber\u00e4knad l\u00e4stid\" \/>\n\t<meta name=\"twitter:data1\" content=\"7 minuter\" \/>\n<script type=\"application\/ld+json\" class=\"yoast-schema-graph\">{\"@context\":\"https:\/\/schema.org\",\"@graph\":[{\"@type\":\"WebPage\",\"@id\":\"https:\/\/testi-e2c55b704894.senaatti.fi\/sv\/aktuellt\/artiklar\/vad-ar-ett-aktivitetsbaserat-kontor\/\",\"url\":\"https:\/\/testi-e2c55b704894.senaatti.fi\/sv\/aktuellt\/artiklar\/vad-ar-ett-aktivitetsbaserat-kontor\/\",\"name\":\"Vad \u00e4r ett aktivitetsbaserat kontor? Det handlar om detta - Senaatti\",\"isPartOf\":{\"@id\":\"https:\/\/www.senaatti.fi\/#website\"},\"primaryImageOfPage\":{\"@id\":\"https:\/\/testi-e2c55b704894.senaatti.fi\/sv\/aktuellt\/artiklar\/vad-ar-ett-aktivitetsbaserat-kontor\/#primaryimage\"},\"image\":{\"@id\":\"https:\/\/testi-e2c55b704894.senaatti.fi\/sv\/aktuellt\/artiklar\/vad-ar-ett-aktivitetsbaserat-kontor\/#primaryimage\"},\"thumbnailUrl\":\"https:\/\/testi-e2c55b704894.senaatti.fi\/app\/uploads\/2018\/04\/Senaatti_kuvitus_monitila_tila_v006.jpg\",\"datePublished\":\"2018-04-25T11:37:20+00:00\",\"dateModified\":\"2024-05-13T06:59:01+00:00\",\"description\":\"Ett aktivitetsbaserat kontor \u00e4r mycket annat \u00e4n ett antal olika slags rum och lokaler. Det inneb\u00e4r ett nytt s\u00e4tt att utf\u00f6ra och leda arbetet.\",\"breadcrumb\":{\"@id\":\"https:\/\/testi-e2c55b704894.senaatti.fi\/sv\/aktuellt\/artiklar\/vad-ar-ett-aktivitetsbaserat-kontor\/#breadcrumb\"},\"inLanguage\":\"sv-SE\",\"potentialAction\":[{\"@type\":\"ReadAction\",\"target\":[\"https:\/\/testi-e2c55b704894.senaatti.fi\/sv\/aktuellt\/artiklar\/vad-ar-ett-aktivitetsbaserat-kontor\/\"]}]},{\"@type\":\"ImageObject\",\"inLanguage\":\"sv-SE\",\"@id\":\"https:\/\/testi-e2c55b704894.senaatti.fi\/sv\/aktuellt\/artiklar\/vad-ar-ett-aktivitetsbaserat-kontor\/#primaryimage\",\"url\":\"https:\/\/testi-e2c55b704894.senaatti.fi\/app\/uploads\/2018\/04\/Senaatti_kuvitus_monitila_tila_v006.jpg\",\"contentUrl\":\"https:\/\/testi-e2c55b704894.senaatti.fi\/app\/uploads\/2018\/04\/Senaatti_kuvitus_monitila_tila_v006.jpg\",\"width\":2200,\"height\":917},{\"@type\":\"BreadcrumbList\",\"@id\":\"https:\/\/testi-e2c55b704894.senaatti.fi\/sv\/aktuellt\/artiklar\/vad-ar-ett-aktivitetsbaserat-kontor\/#breadcrumb\",\"itemListElement\":[{\"@type\":\"ListItem\",\"position\":1,\"name\":\"Hem\",\"item\":\"https:\/\/www.senaatti.fi\/sv\/\"},{\"@type\":\"ListItem\",\"position\":2,\"name\":\"Vad \u00e4r ett aktivitetsbaserat kontor? Det handlar om detta\"}]},{\"@type\":\"WebSite\",\"@id\":\"https:\/\/www.senaatti.fi\/#website\",\"url\":\"https:\/\/www.senaatti.fi\/\",\"name\":\"Senaatti\",\"description\":\"Just another WordPress site\",\"publisher\":{\"@id\":\"https:\/\/www.senaatti.fi\/#organization\"},\"potentialAction\":[{\"@type\":\"SearchAction\",\"target\":{\"@type\":\"EntryPoint\",\"urlTemplate\":\"https:\/\/www.senaatti.fi\/?s={search_term_string}\"},\"query-input\":{\"@type\":\"PropertyValueSpecification\",\"valueRequired\":true,\"valueName\":\"search_term_string\"}}],\"inLanguage\":\"sv-SE\"},{\"@type\":\"Organization\",\"@id\":\"https:\/\/www.senaatti.fi\/#organization\",\"name\":\"Senaatti-kiinteist\u00f6t\",\"url\":\"https:\/\/www.senaatti.fi\/\",\"logo\":{\"@type\":\"ImageObject\",\"inLanguage\":\"sv-SE\",\"@id\":\"https:\/\/www.senaatti.fi\/#\/schema\/logo\/image\/\",\"url\":\"https:\/\/testi-e2c55b704894.senaatti.fi\/app\/uploads\/2021\/01\/Senaatti_FB_profiili_1200x630.png\",\"contentUrl\":\"https:\/\/testi-e2c55b704894.senaatti.fi\/app\/uploads\/2021\/01\/Senaatti_FB_profiili_1200x630.png\",\"width\":1201,\"height\":631,\"caption\":\"Senaatti-kiinteist\u00f6t\"},\"image\":{\"@id\":\"https:\/\/www.senaatti.fi\/#\/schema\/logo\/image\/\"},\"sameAs\":[\"https:\/\/www.facebook.com\/SenaattiKiinteistot\/\",\"https:\/\/x.com\/SenaattiK\",\"https:\/\/www.linkedin.com\/company\/senate-properties\",\"https:\/\/www.youtube.com\/channel\/UCunSUhMjKd5KqASPgBrndkQ\"]}]}<\/script>\n<!-- \/ Yoast SEO plugin. -->","yoast_head_json":{"title":"Vad \u00e4r ett aktivitetsbaserat kontor? Det handlar om detta - Senaatti","description":"Ett aktivitetsbaserat kontor \u00e4r mycket annat \u00e4n ett antal olika slags rum och lokaler. Det inneb\u00e4r ett nytt s\u00e4tt att utf\u00f6ra och leda arbetet.","robots":{"index":"noindex","follow":"follow","max-snippet":"max-snippet:-1","max-image-preview":"max-image-preview:large","max-video-preview":"max-video-preview:-1"},"og_locale":"sv_SE","og_type":"article","og_title":"Vad \u00e4r ett aktivitetsbaserat kontor? Det handlar om detta - Senaatti","og_description":"Ett aktivitetsbaserat kontor \u00e4r mycket annat \u00e4n ett antal olika slags rum och lokaler. Det inneb\u00e4r ett nytt s\u00e4tt att utf\u00f6ra och leda arbetet.","og_url":"https:\/\/testi-e2c55b704894.senaatti.fi\/sv\/aktuellt\/artiklar\/vad-ar-ett-aktivitetsbaserat-kontor\/","og_site_name":"Senaatti","article_publisher":"https:\/\/www.facebook.com\/SenaattiKiinteistot\/","article_modified_time":"2024-05-13T06:59:01+00:00","og_image":[{"width":1024,"height":427,"url":"https:\/\/www.senaatti.fi\/app\/uploads\/2018\/04\/Senaatti_kuvitus_monitila_tila_v006-1024x427.jpg","type":"image\/jpeg"}],"twitter_card":"summary_large_image","twitter_site":"@SenaattiK","twitter_misc":{"Ber\u00e4knad l\u00e4stid":"7 minuter"},"schema":{"@context":"https:\/\/schema.org","@graph":[{"@type":"WebPage","@id":"https:\/\/testi-e2c55b704894.senaatti.fi\/sv\/aktuellt\/artiklar\/vad-ar-ett-aktivitetsbaserat-kontor\/","url":"https:\/\/testi-e2c55b704894.senaatti.fi\/sv\/aktuellt\/artiklar\/vad-ar-ett-aktivitetsbaserat-kontor\/","name":"Vad \u00e4r ett aktivitetsbaserat kontor? Det handlar om detta - Senaatti","isPartOf":{"@id":"https:\/\/www.senaatti.fi\/#website"},"primaryImageOfPage":{"@id":"https:\/\/testi-e2c55b704894.senaatti.fi\/sv\/aktuellt\/artiklar\/vad-ar-ett-aktivitetsbaserat-kontor\/#primaryimage"},"image":{"@id":"https:\/\/testi-e2c55b704894.senaatti.fi\/sv\/aktuellt\/artiklar\/vad-ar-ett-aktivitetsbaserat-kontor\/#primaryimage"},"thumbnailUrl":"https:\/\/testi-e2c55b704894.senaatti.fi\/app\/uploads\/2018\/04\/Senaatti_kuvitus_monitila_tila_v006.jpg","datePublished":"2018-04-25T11:37:20+00:00","dateModified":"2024-05-13T06:59:01+00:00","description":"Ett aktivitetsbaserat kontor \u00e4r mycket annat \u00e4n ett antal olika slags rum och lokaler. Det inneb\u00e4r ett nytt s\u00e4tt att utf\u00f6ra och leda arbetet.","breadcrumb":{"@id":"https:\/\/testi-e2c55b704894.senaatti.fi\/sv\/aktuellt\/artiklar\/vad-ar-ett-aktivitetsbaserat-kontor\/#breadcrumb"},"inLanguage":"sv-SE","potentialAction":[{"@type":"ReadAction","target":["https:\/\/testi-e2c55b704894.senaatti.fi\/sv\/aktuellt\/artiklar\/vad-ar-ett-aktivitetsbaserat-kontor\/"]}]},{"@type":"ImageObject","inLanguage":"sv-SE","@id":"https:\/\/testi-e2c55b704894.senaatti.fi\/sv\/aktuellt\/artiklar\/vad-ar-ett-aktivitetsbaserat-kontor\/#primaryimage","url":"https:\/\/testi-e2c55b704894.senaatti.fi\/app\/uploads\/2018\/04\/Senaatti_kuvitus_monitila_tila_v006.jpg","contentUrl":"https:\/\/testi-e2c55b704894.senaatti.fi\/app\/uploads\/2018\/04\/Senaatti_kuvitus_monitila_tila_v006.jpg","width":2200,"height":917},{"@type":"BreadcrumbList","@id":"https:\/\/testi-e2c55b704894.senaatti.fi\/sv\/aktuellt\/artiklar\/vad-ar-ett-aktivitetsbaserat-kontor\/#breadcrumb","itemListElement":[{"@type":"ListItem","position":1,"name":"Hem","item":"https:\/\/www.senaatti.fi\/sv\/"},{"@type":"ListItem","position":2,"name":"Vad \u00e4r ett aktivitetsbaserat kontor? Det handlar om detta"}]},{"@type":"WebSite","@id":"https:\/\/www.senaatti.fi\/#website","url":"https:\/\/www.senaatti.fi\/","name":"Senaatti","description":"Just another WordPress site","publisher":{"@id":"https:\/\/www.senaatti.fi\/#organization"},"potentialAction":[{"@type":"SearchAction","target":{"@type":"EntryPoint","urlTemplate":"https:\/\/www.senaatti.fi\/?s={search_term_string}"},"query-input":{"@type":"PropertyValueSpecification","valueRequired":true,"valueName":"search_term_string"}}],"inLanguage":"sv-SE"},{"@type":"Organization","@id":"https:\/\/www.senaatti.fi\/#organization","name":"Senaatti-kiinteist\u00f6t","url":"https:\/\/www.senaatti.fi\/","logo":{"@type":"ImageObject","inLanguage":"sv-SE","@id":"https:\/\/www.senaatti.fi\/#\/schema\/logo\/image\/","url":"https:\/\/testi-e2c55b704894.senaatti.fi\/app\/uploads\/2021\/01\/Senaatti_FB_profiili_1200x630.png","contentUrl":"https:\/\/testi-e2c55b704894.senaatti.fi\/app\/uploads\/2021\/01\/Senaatti_FB_profiili_1200x630.png","width":1201,"height":631,"caption":"Senaatti-kiinteist\u00f6t"},"image":{"@id":"https:\/\/www.senaatti.fi\/#\/schema\/logo\/image\/"},"sameAs":["https:\/\/www.facebook.com\/SenaattiKiinteistot\/","https:\/\/x.com\/SenaattiK","https:\/\/www.linkedin.com\/company\/senate-properties","https:\/\/www.youtube.com\/channel\/UCunSUhMjKd5KqASPgBrndkQ"]}]}},"category":{"term_id":947,"name":"Arbetsmilj\u00f6 och arbetsmetoder","slug":"arbetsmiljo-arbetsmetoder","term_group":0,"term_taxonomy_id":947,"taxonomy":"senaatti_category","description":"","parent":0,"count":42,"filter":"raw","term_order":"0","order":"0"},"mod_excerpt":"Ett aktivitetsbaserat kontor \u00e4r mycket annat \u00e4n ett antal olika slags rum och lokaler. Det inneb\u00e4r ett nytt s\u00e4tt att utf\u00f6ra och leda arbetet.","mod_date":"25.4.2018","thumbnail":"https:\/\/testi-e2c55b704894.senaatti.fi\/app\/uploads\/2018\/04\/Senaatti_kuvitus_monitila_tila_v006-1024x427.jpg","thumbnail_alt":"","thumbnail_desc":"","hash":931134,"_links":{"self":[{"href":"https:\/\/testi-e2c55b704894.senaatti.fi\/sv\/wp-json\/wp\/v2\/senaatti_article\/15265","targetHints":{"allow":["GET"]}}],"collection":[{"href":"https:\/\/testi-e2c55b704894.senaatti.fi\/sv\/wp-json\/wp\/v2\/senaatti_article"}],"about":[{"href":"https:\/\/testi-e2c55b704894.senaatti.fi\/sv\/wp-json\/wp\/v2\/types\/senaatti_article"}],"version-history":[{"count":8,"href":"https:\/\/testi-e2c55b704894.senaatti.fi\/sv\/wp-json\/wp\/v2\/senaatti_article\/15265\/revisions"}],"predecessor-version":[{"id":65639,"href":"https:\/\/testi-e2c55b704894.senaatti.fi\/sv\/wp-json\/wp\/v2\/senaatti_article\/15265\/revisions\/65639"}],"wp:featuredmedia":[{"embeddable":true,"href":"https:\/\/testi-e2c55b704894.senaatti.fi\/sv\/wp-json\/wp\/v2\/media\/14651"}],"wp:attachment":[{"href":"https:\/\/testi-e2c55b704894.senaatti.fi\/sv\/wp-json\/wp\/v2\/media?parent=15265"}],"curies":[{"name":"wp","href":"https:\/\/api.w.org\/{rel}","templated":true}]}}