{"id":63951,"date":"2023-04-27T14:27:23","date_gmt":"2023-04-27T11:27:23","guid":{"rendered":"https:\/\/testi-e2c55b704894.senaatti.fi\/aktuellt\/artiklar\/kaikki-ymmarsivat-heti-energiansaaston-tarpeellisuuden\/"},"modified":"2024-05-13T10:02:36","modified_gmt":"2024-05-13T07:02:36","slug":"alla-insag-genast-behovet-av-energibesparingar","status":"publish","type":"senaatti_article","link":"https:\/\/testi-e2c55b704894.senaatti.fi\/sv\/aktuellt\/artiklar\/alla-insag-genast-behovet-av-energibesparingar\/","title":{"rendered":"Alla ins\u00e5g genast behovet av energibesparingar"},"content":{"rendered":"<p>\u201dN\u00e4r energikrisen drabbade Europa besl\u00f6t vi att omedelbart reagera p\u00e5 den exceptionella situationen och lanserade ett eget energisparprogram i oktober. Vi lyfte fram energisparandet som en viktig styrande faktor, eftersom vi ville hj\u00e4lpa Finland att klara av den utmanande vintern p\u00e5 energimarknaden och f\u00f6r egen del st\u00e4vja den kraftiga \u00f6kningen av energikostnaderna.<\/p>\n<p>N\u00e4r v\u00e5rt normala energieffektivitetsm\u00e5l har legat p\u00e5 att minska energif\u00f6rbrukningen med en procent per \u00e5r, satte vi som m\u00e5l f\u00f6r sparprogrammet att minska energif\u00f6rbrukningen i v\u00e5ra fastigheter med sammanlagt ca fem procent. Det \u00e4r inte s\u00e5 l\u00e4tt, eftersom vi har satsat p\u00e5 energieffektivitet i m\u00e5nga \u00e5r och deltagit i energieffektivitetsavtalen sedan 1990-talet.<\/p>\n<blockquote><p>Vi fick goda resultat och n\u00e4stan 10 000 f\u00f6rslag om sparobjekt.<\/p><\/blockquote>\n<p>V\u00e5ra egna experter och tj\u00e4nsteleverant\u00f6rer b\u00f6rjade genast genomf\u00f6ra sparprogrammet. V\u00e5ra kunder ins\u00e5g ocks\u00e5 vikten av detta. Vi fick goda resultat redan under vintern och n\u00e4stan 10 000 f\u00f6rslag om sparobjekt. Det har varit fint att se hur viktigt alla har ansett detta vara, \u00e4ven om m\u00e5nga samtidigt har varit fullt upptagna med att sk\u00f6ta till exempel uppgifter med anslutning till beredskapen.<\/p>\n<p>Vi samarbetar ocks\u00e5 med statsf\u00f6rvaltningens energisparkampanj Sn\u00e4ppet svalare. Vi har ocks\u00e5 vidtagit \u00e5tg\u00e4rder med exceptionell omfattning och snabbhet som p\u00e5verkar temperaturen inomhus. I sparprogrammet har ocks\u00e5 ing\u00e5tt utvecklingsprojekt, s\u00e5som energibesiktningar och l\u00f6sningar i anslutning till variationer i efterfr\u00e5gan.<\/p>\n<p>I sparprogrammet har vi beaktat goda inomhusf\u00f6rh\u00e5llanden och v\u00e5ra kunders n\u00f6jdhet. Vi har skr\u00e4ddarsytt energispar\u00e5tg\u00e4rderna f\u00f6r varje objekt. Det g\u00e5r naturligtvis inte att uppn\u00e5 samma resultat \u00f6verallt, och p\u00e5 kritiskt viktiga st\u00e4llen kan energibehovet ocks\u00e5 ha \u00f6kat.<\/p>\n<p>Energisparprogrammet upph\u00f6r vid utg\u00e5ngen av 2023. Vi har funnit m\u00e5nga verkligt bra l\u00f6sningar f\u00f6r att minska energif\u00f6rbrukningen samtidigt som vi ser till att arbetsf\u00f6rh\u00e5llandena \u00e4r goda. \u00c5tskilliga spar\u00e5tg\u00e4rder har redan blivit en del av v\u00e5r normala verksamhet. I det avseendet \u00e4r det l\u00e4tt att forts\u00e4tta mot en \u00e4nnu mer energieffektiv Senatkoncern.<\/p>\n<p><strong>Sanna J\u00e4\u00e4skel\u00e4inen<\/strong>, chef f\u00f6r energisparprogrammet<\/p>\n<p>&nbsp;<\/p>\n<p><a href=\"https:\/\/testi-e2c55b704894.senaatti.fi\/sv\/energisparprogram\/\">L\u00e4s mer om v\u00e5rt energisparprogram <\/a><\/p>\n<p><a href=\"https:\/\/testi-e2c55b704894.senaatti.fi\/yhteiskuntavastuuraportti2022\/\">Se v\u00e5r samh\u00e4llsansvarsrapport (p\u00e5 finska)<\/a><\/p>\n","protected":false},"excerpt":{"rendered":"<p>\u201dP\u00e5 h\u00f6sten inledde vi snabbt ett energisparprogram som gav goda resultat redan under vintern. Tillsammans med v\u00e5ra kunder uppn\u00e5dde vi stora besparingar&#8221;, s\u00e4ger Sanna J\u00e4\u00e4skel\u00e4inen, chef f\u00f6r Senatfastigheters energisparprogram.<\/p>\n","protected":false},"featured_media":63480,"template":"","class_list":["post-63951","senaatti_article","type-senaatti_article","status-publish","has-post-thumbnail","hentry","senaatti_category-energisparprogram","senaatti_category-inomhusforhallanden","senaatti_category-samhallsansvar","senaatti_type-artikel"],"acf":[],"yoast_head":"<!-- This site is optimized with the Yoast SEO plugin v23.9 - https:\/\/yoast.com\/wordpress\/plugins\/seo\/ -->\n<title>Alla ins\u00e5g genast behovet av energibesparingar - Senaatti<\/title>\n<meta name=\"description\" content=\"\u201dP\u00e5 h\u00f6sten inledde vi snabbt ett energisparprogram som gav goda resultat redan under vintern. Tillsammans med v\u00e5ra kunder uppn\u00e5dde vi stora besparingar&quot;, s\u00e4ger Sanna J\u00e4\u00e4skel\u00e4inen, chef f\u00f6r Senatfastigheters energisparprogram.\" \/>\n<meta name=\"robots\" content=\"noindex, follow, max-snippet:-1, max-image-preview:large, max-video-preview:-1\" \/>\n<meta property=\"og:locale\" content=\"sv_SE\" \/>\n<meta property=\"og:type\" content=\"article\" \/>\n<meta property=\"og:title\" content=\"Alla ins\u00e5g genast behovet av energibesparingar - Senaatti\" \/>\n<meta property=\"og:description\" content=\"\u201dP\u00e5 h\u00f6sten inledde vi snabbt ett energisparprogram som gav goda resultat redan under vintern. Tillsammans med v\u00e5ra kunder uppn\u00e5dde vi stora besparingar&quot;, s\u00e4ger Sanna J\u00e4\u00e4skel\u00e4inen, chef f\u00f6r Senatfastigheters energisparprogram.\" \/>\n<meta property=\"og:url\" content=\"https:\/\/testi-e2c55b704894.senaatti.fi\/sv\/aktuellt\/artiklar\/alla-insag-genast-behovet-av-energibesparingar\/\" \/>\n<meta property=\"og:site_name\" content=\"Senaatti\" \/>\n<meta property=\"article:publisher\" content=\"https:\/\/www.facebook.com\/SenaattiKiinteistot\/\" \/>\n<meta property=\"article:modified_time\" content=\"2024-05-13T07:02:36+00:00\" \/>\n<meta property=\"og:image\" content=\"https:\/\/www.senaatti.fi\/app\/uploads\/2023\/04\/Jaaskelainen-Sanna-1024x768.jpg\" \/>\n\t<meta property=\"og:image:width\" content=\"1024\" \/>\n\t<meta property=\"og:image:height\" content=\"768\" \/>\n\t<meta property=\"og:image:type\" content=\"image\/jpeg\" \/>\n<meta name=\"twitter:card\" content=\"summary_large_image\" \/>\n<meta name=\"twitter:site\" content=\"@SenaattiK\" \/>\n<meta name=\"twitter:label1\" content=\"Ber\u00e4knad l\u00e4stid\" \/>\n\t<meta name=\"twitter:data1\" content=\"2 minuter\" \/>\n<script type=\"application\/ld+json\" class=\"yoast-schema-graph\">{\"@context\":\"https:\/\/schema.org\",\"@graph\":[{\"@type\":\"WebPage\",\"@id\":\"https:\/\/testi-e2c55b704894.senaatti.fi\/sv\/aktuellt\/artiklar\/alla-insag-genast-behovet-av-energibesparingar\/\",\"url\":\"https:\/\/testi-e2c55b704894.senaatti.fi\/sv\/aktuellt\/artiklar\/alla-insag-genast-behovet-av-energibesparingar\/\",\"name\":\"Alla ins\u00e5g genast behovet av energibesparingar - Senaatti\",\"isPartOf\":{\"@id\":\"https:\/\/www.senaatti.fi\/#website\"},\"primaryImageOfPage\":{\"@id\":\"https:\/\/testi-e2c55b704894.senaatti.fi\/sv\/aktuellt\/artiklar\/alla-insag-genast-behovet-av-energibesparingar\/#primaryimage\"},\"image\":{\"@id\":\"https:\/\/testi-e2c55b704894.senaatti.fi\/sv\/aktuellt\/artiklar\/alla-insag-genast-behovet-av-energibesparingar\/#primaryimage\"},\"thumbnailUrl\":\"https:\/\/testi-e2c55b704894.senaatti.fi\/app\/uploads\/2023\/04\/Jaaskelainen-Sanna.jpg\",\"datePublished\":\"2023-04-27T11:27:23+00:00\",\"dateModified\":\"2024-05-13T07:02:36+00:00\",\"description\":\"\u201dP\u00e5 h\u00f6sten inledde vi snabbt ett energisparprogram som gav goda resultat redan under vintern. Tillsammans med v\u00e5ra kunder uppn\u00e5dde vi stora besparingar\\\", s\u00e4ger Sanna J\u00e4\u00e4skel\u00e4inen, chef f\u00f6r Senatfastigheters energisparprogram.\",\"breadcrumb\":{\"@id\":\"https:\/\/testi-e2c55b704894.senaatti.fi\/sv\/aktuellt\/artiklar\/alla-insag-genast-behovet-av-energibesparingar\/#breadcrumb\"},\"inLanguage\":\"sv-SE\",\"potentialAction\":[{\"@type\":\"ReadAction\",\"target\":[\"https:\/\/testi-e2c55b704894.senaatti.fi\/sv\/aktuellt\/artiklar\/alla-insag-genast-behovet-av-energibesparingar\/\"]}]},{\"@type\":\"ImageObject\",\"inLanguage\":\"sv-SE\",\"@id\":\"https:\/\/testi-e2c55b704894.senaatti.fi\/sv\/aktuellt\/artiklar\/alla-insag-genast-behovet-av-energibesparingar\/#primaryimage\",\"url\":\"https:\/\/testi-e2c55b704894.senaatti.fi\/app\/uploads\/2023\/04\/Jaaskelainen-Sanna.jpg\",\"contentUrl\":\"https:\/\/testi-e2c55b704894.senaatti.fi\/app\/uploads\/2023\/04\/Jaaskelainen-Sanna.jpg\",\"width\":1440,\"height\":1080,\"caption\":\"Sanna J\u00e4\u00e4skel\u00e4inen.\"},{\"@type\":\"BreadcrumbList\",\"@id\":\"https:\/\/testi-e2c55b704894.senaatti.fi\/sv\/aktuellt\/artiklar\/alla-insag-genast-behovet-av-energibesparingar\/#breadcrumb\",\"itemListElement\":[{\"@type\":\"ListItem\",\"position\":1,\"name\":\"Hem\",\"item\":\"https:\/\/www.senaatti.fi\/sv\/\"},{\"@type\":\"ListItem\",\"position\":2,\"name\":\"Alla ins\u00e5g genast behovet av energibesparingar\"}]},{\"@type\":\"WebSite\",\"@id\":\"https:\/\/www.senaatti.fi\/#website\",\"url\":\"https:\/\/www.senaatti.fi\/\",\"name\":\"Senaatti\",\"description\":\"Just another WordPress site\",\"publisher\":{\"@id\":\"https:\/\/www.senaatti.fi\/#organization\"},\"potentialAction\":[{\"@type\":\"SearchAction\",\"target\":{\"@type\":\"EntryPoint\",\"urlTemplate\":\"https:\/\/www.senaatti.fi\/?s={search_term_string}\"},\"query-input\":{\"@type\":\"PropertyValueSpecification\",\"valueRequired\":true,\"valueName\":\"search_term_string\"}}],\"inLanguage\":\"sv-SE\"},{\"@type\":\"Organization\",\"@id\":\"https:\/\/www.senaatti.fi\/#organization\",\"name\":\"Senaatti-kiinteist\u00f6t\",\"url\":\"https:\/\/www.senaatti.fi\/\",\"logo\":{\"@type\":\"ImageObject\",\"inLanguage\":\"sv-SE\",\"@id\":\"https:\/\/www.senaatti.fi\/#\/schema\/logo\/image\/\",\"url\":\"https:\/\/testi-e2c55b704894.senaatti.fi\/app\/uploads\/2021\/01\/Senaatti_FB_profiili_1200x630.png\",\"contentUrl\":\"https:\/\/testi-e2c55b704894.senaatti.fi\/app\/uploads\/2021\/01\/Senaatti_FB_profiili_1200x630.png\",\"width\":1201,\"height\":631,\"caption\":\"Senaatti-kiinteist\u00f6t\"},\"image\":{\"@id\":\"https:\/\/www.senaatti.fi\/#\/schema\/logo\/image\/\"},\"sameAs\":[\"https:\/\/www.facebook.com\/SenaattiKiinteistot\/\",\"https:\/\/x.com\/SenaattiK\",\"https:\/\/www.linkedin.com\/company\/senate-properties\",\"https:\/\/www.youtube.com\/channel\/UCunSUhMjKd5KqASPgBrndkQ\"]}]}<\/script>\n<!-- \/ Yoast SEO plugin. -->","yoast_head_json":{"title":"Alla ins\u00e5g genast behovet av energibesparingar - Senaatti","description":"\u201dP\u00e5 h\u00f6sten inledde vi snabbt ett energisparprogram som gav goda resultat redan under vintern. Tillsammans med v\u00e5ra kunder uppn\u00e5dde vi stora besparingar\", s\u00e4ger Sanna J\u00e4\u00e4skel\u00e4inen, chef f\u00f6r Senatfastigheters energisparprogram.","robots":{"index":"noindex","follow":"follow","max-snippet":"max-snippet:-1","max-image-preview":"max-image-preview:large","max-video-preview":"max-video-preview:-1"},"og_locale":"sv_SE","og_type":"article","og_title":"Alla ins\u00e5g genast behovet av energibesparingar - Senaatti","og_description":"\u201dP\u00e5 h\u00f6sten inledde vi snabbt ett energisparprogram som gav goda resultat redan under vintern. Tillsammans med v\u00e5ra kunder uppn\u00e5dde vi stora besparingar\", s\u00e4ger Sanna J\u00e4\u00e4skel\u00e4inen, chef f\u00f6r Senatfastigheters energisparprogram.","og_url":"https:\/\/testi-e2c55b704894.senaatti.fi\/sv\/aktuellt\/artiklar\/alla-insag-genast-behovet-av-energibesparingar\/","og_site_name":"Senaatti","article_publisher":"https:\/\/www.facebook.com\/SenaattiKiinteistot\/","article_modified_time":"2024-05-13T07:02:36+00:00","og_image":[{"width":1024,"height":768,"url":"https:\/\/www.senaatti.fi\/app\/uploads\/2023\/04\/Jaaskelainen-Sanna-1024x768.jpg","type":"image\/jpeg"}],"twitter_card":"summary_large_image","twitter_site":"@SenaattiK","twitter_misc":{"Ber\u00e4knad l\u00e4stid":"2 minuter"},"schema":{"@context":"https:\/\/schema.org","@graph":[{"@type":"WebPage","@id":"https:\/\/testi-e2c55b704894.senaatti.fi\/sv\/aktuellt\/artiklar\/alla-insag-genast-behovet-av-energibesparingar\/","url":"https:\/\/testi-e2c55b704894.senaatti.fi\/sv\/aktuellt\/artiklar\/alla-insag-genast-behovet-av-energibesparingar\/","name":"Alla ins\u00e5g genast behovet av energibesparingar - Senaatti","isPartOf":{"@id":"https:\/\/www.senaatti.fi\/#website"},"primaryImageOfPage":{"@id":"https:\/\/testi-e2c55b704894.senaatti.fi\/sv\/aktuellt\/artiklar\/alla-insag-genast-behovet-av-energibesparingar\/#primaryimage"},"image":{"@id":"https:\/\/testi-e2c55b704894.senaatti.fi\/sv\/aktuellt\/artiklar\/alla-insag-genast-behovet-av-energibesparingar\/#primaryimage"},"thumbnailUrl":"https:\/\/testi-e2c55b704894.senaatti.fi\/app\/uploads\/2023\/04\/Jaaskelainen-Sanna.jpg","datePublished":"2023-04-27T11:27:23+00:00","dateModified":"2024-05-13T07:02:36+00:00","description":"\u201dP\u00e5 h\u00f6sten inledde vi snabbt ett energisparprogram som gav goda resultat redan under vintern. Tillsammans med v\u00e5ra kunder uppn\u00e5dde vi stora besparingar\", s\u00e4ger Sanna J\u00e4\u00e4skel\u00e4inen, chef f\u00f6r Senatfastigheters energisparprogram.","breadcrumb":{"@id":"https:\/\/testi-e2c55b704894.senaatti.fi\/sv\/aktuellt\/artiklar\/alla-insag-genast-behovet-av-energibesparingar\/#breadcrumb"},"inLanguage":"sv-SE","potentialAction":[{"@type":"ReadAction","target":["https:\/\/testi-e2c55b704894.senaatti.fi\/sv\/aktuellt\/artiklar\/alla-insag-genast-behovet-av-energibesparingar\/"]}]},{"@type":"ImageObject","inLanguage":"sv-SE","@id":"https:\/\/testi-e2c55b704894.senaatti.fi\/sv\/aktuellt\/artiklar\/alla-insag-genast-behovet-av-energibesparingar\/#primaryimage","url":"https:\/\/testi-e2c55b704894.senaatti.fi\/app\/uploads\/2023\/04\/Jaaskelainen-Sanna.jpg","contentUrl":"https:\/\/testi-e2c55b704894.senaatti.fi\/app\/uploads\/2023\/04\/Jaaskelainen-Sanna.jpg","width":1440,"height":1080,"caption":"Sanna J\u00e4\u00e4skel\u00e4inen."},{"@type":"BreadcrumbList","@id":"https:\/\/testi-e2c55b704894.senaatti.fi\/sv\/aktuellt\/artiklar\/alla-insag-genast-behovet-av-energibesparingar\/#breadcrumb","itemListElement":[{"@type":"ListItem","position":1,"name":"Hem","item":"https:\/\/www.senaatti.fi\/sv\/"},{"@type":"ListItem","position":2,"name":"Alla ins\u00e5g genast behovet av energibesparingar"}]},{"@type":"WebSite","@id":"https:\/\/www.senaatti.fi\/#website","url":"https:\/\/www.senaatti.fi\/","name":"Senaatti","description":"Just another WordPress site","publisher":{"@id":"https:\/\/www.senaatti.fi\/#organization"},"potentialAction":[{"@type":"SearchAction","target":{"@type":"EntryPoint","urlTemplate":"https:\/\/www.senaatti.fi\/?s={search_term_string}"},"query-input":{"@type":"PropertyValueSpecification","valueRequired":true,"valueName":"search_term_string"}}],"inLanguage":"sv-SE"},{"@type":"Organization","@id":"https:\/\/www.senaatti.fi\/#organization","name":"Senaatti-kiinteist\u00f6t","url":"https:\/\/www.senaatti.fi\/","logo":{"@type":"ImageObject","inLanguage":"sv-SE","@id":"https:\/\/www.senaatti.fi\/#\/schema\/logo\/image\/","url":"https:\/\/testi-e2c55b704894.senaatti.fi\/app\/uploads\/2021\/01\/Senaatti_FB_profiili_1200x630.png","contentUrl":"https:\/\/testi-e2c55b704894.senaatti.fi\/app\/uploads\/2021\/01\/Senaatti_FB_profiili_1200x630.png","width":1201,"height":631,"caption":"Senaatti-kiinteist\u00f6t"},"image":{"@id":"https:\/\/www.senaatti.fi\/#\/schema\/logo\/image\/"},"sameAs":["https:\/\/www.facebook.com\/SenaattiKiinteistot\/","https:\/\/x.com\/SenaattiK","https:\/\/www.linkedin.com\/company\/senate-properties","https:\/\/www.youtube.com\/channel\/UCunSUhMjKd5KqASPgBrndkQ"]}]}},"category":{"term_id":948,"name":"Energisparprogram","slug":"energisparprogram","term_group":0,"term_taxonomy_id":948,"taxonomy":"senaatti_category","description":"","parent":0,"count":7,"filter":"raw","term_order":"0","order":"0"},"mod_excerpt":"\u201dP\u00e5 h\u00f6sten inledde vi snabbt ett energisparprogram som gav goda resultat redan under vintern. Tillsammans med v\u00e5ra kunder uppn\u00e5dde vi stora besparingar\", s\u00e4ger Sanna J\u00e4\u00e4skel\u00e4inen,...","mod_date":"27.4.2023","thumbnail":"https:\/\/testi-e2c55b704894.senaatti.fi\/app\/uploads\/2023\/04\/Jaaskelainen-Sanna-1024x768.jpg","thumbnail_alt":"Sanna J\u00e4\u00e4skel\u00e4inen.","thumbnail_desc":"","hash":186312,"_links":{"self":[{"href":"https:\/\/testi-e2c55b704894.senaatti.fi\/sv\/wp-json\/wp\/v2\/senaatti_article\/63951","targetHints":{"allow":["GET"]}}],"collection":[{"href":"https:\/\/testi-e2c55b704894.senaatti.fi\/sv\/wp-json\/wp\/v2\/senaatti_article"}],"about":[{"href":"https:\/\/testi-e2c55b704894.senaatti.fi\/sv\/wp-json\/wp\/v2\/types\/senaatti_article"}],"version-history":[{"count":3,"href":"https:\/\/testi-e2c55b704894.senaatti.fi\/sv\/wp-json\/wp\/v2\/senaatti_article\/63951\/revisions"}],"predecessor-version":[{"id":64320,"href":"https:\/\/testi-e2c55b704894.senaatti.fi\/sv\/wp-json\/wp\/v2\/senaatti_article\/63951\/revisions\/64320"}],"wp:featuredmedia":[{"embeddable":true,"href":"https:\/\/testi-e2c55b704894.senaatti.fi\/sv\/wp-json\/wp\/v2\/media\/63480"}],"wp:attachment":[{"href":"https:\/\/testi-e2c55b704894.senaatti.fi\/sv\/wp-json\/wp\/v2\/media?parent=63951"}],"curies":[{"name":"wp","href":"https:\/\/api.w.org\/{rel}","templated":true}]}}